{"id":34490,"date":"2025-08-22T23:37:17","date_gmt":"2025-08-22T23:37:17","guid":{"rendered":"https:\/\/radiocresatelital.com\/?p=34490"},"modified":"2025-08-22T23:37:17","modified_gmt":"2025-08-22T23:37:17","slug":"el-aplicativo-vipa-queda-oficialmente-suspendido-y-no-genera-nuevas-multas","status":"publish","type":"post","link":"https:\/\/radiocresatelital.com\/?p=34490","title":{"rendered":"El aplicativo VIPA queda oficialmente suspendido y no genera nuevas multas"},"content":{"rendered":"<p>Guayaquil.- La Autoridad de Tr\u00e1nsito y Movilidad de Guayaquil (ATM) suspendi\u00f3 el aplicativo VIPA, lo cual implica que, a la fecha, no se est\u00e1n procesando ni sancionando presuntas infracciones que provengan de la aplicaci\u00f3n.<\/p>\n<p>El departamento jur\u00eddico se encuentra realizando un an\u00e1lisis de las causales correspondientes para la posible terminaci\u00f3n del contrato con la empresa operadora del aplicativo.<\/p>\n<p>Asimismo, informa que todas las impugnaciones presentadas por los ciudadanos, pendientes de resolver e ingresadas posteriormente, est\u00e1n siendo revisadas con sus respectivas justificaciones. Aquellas que cuenten con los debidos sustentos ser\u00e1n anuladas.<\/p>\n<p>Es importante se\u00f1alar que, hasta antes de la suspensi\u00f3n, las infracciones registradas fueron procesadas y notificadas. Sin embargo, los ciudadanos mantienen plenamente vigente su derecho a impugnar las multas a trav\u00e9s de la p\u00e1gina web (www.atm.gob.ec) o los cuatro centros de atenci\u00f3n ciudadana habilitados en:<\/p>\n<p>1. Parque Samanes, Unidad Municipal Distrital<br \/>\n2. Alb\u00e1n Borja, Centro Comercial Alb\u00e1n Borja local 56<br \/>\n3. SGS Revisi\u00f3n T\u00e9cnica Vehicular (frente a Terminal Terrestre)<br \/>\n4.Terminal de la Metrov\u00eda 25 de Julio<\/p>\n<p>La ATM reafirma su compromiso con la transparencia, el debido proceso y el respeto a los derechos de todos los ciudadanos.<\/p>\n","protected":false},"excerpt":{"rendered":"<p>Guayaquil.- La Autoridad de Tr\u00e1nsito y Movilidad de Guayaquil (ATM) suspendi\u00f3 el aplicativo VIPA, lo cual implica que, a la fecha, no se est\u00e1n procesando ni sancionando presuntas infracciones que provengan de la aplicaci\u00f3n. El departamento jur\u00eddico se encuentra realizando un an\u00e1lisis de las causales correspondientes para la posible terminaci\u00f3n del contrato con la empresa [&hellip;]<\/p>\n","protected":false},"author":2,"featured_media":34491,"comment_status":"open","ping_status":"closed","sticky":false,"template":"","format":"standard","meta":{"_jetpack_memberships_contains_paid_content":false,"footnotes":""},"categories":[13],"tags":[5487],"class_list":["post-34490","post","type-post","status-publish","format-standard","has-post-thumbnail","hentry","category-noticias-nacionales","tag-autoridad-de-transito-y-movilidad-de-guayaquil"],"jetpack_featured_media_url":"https:\/\/radiocresatelital.com\/wp-content\/uploads\/2025\/08\/0945_2277295_20250627221552.jpg","jetpack_sharing_enabled":true,"_links":{"self":[{"href":"https:\/\/radiocresatelital.com\/index.php?rest_route=\/wp\/v2\/posts\/34490","targetHints":{"allow":["GET"]}}],"collection":[{"href":"https:\/\/radiocresatelital.com\/index.php?rest_route=\/wp\/v2\/posts"}],"about":[{"href":"https:\/\/radiocresatelital.com\/index.php?rest_route=\/wp\/v2\/types\/post"}],"author":[{"embeddable":true,"href":"https:\/\/radiocresatelital.com\/index.php?rest_route=\/wp\/v2\/users\/2"}],"replies":[{"embeddable":true,"href":"https:\/\/radiocresatelital.com\/index.php?rest_route=%2Fwp%2Fv2%2Fcomments&post=34490"}],"version-history":[{"count":1,"href":"https:\/\/radiocresatelital.com\/index.php?rest_route=\/wp\/v2\/posts\/34490\/revisions"}],"predecessor-version":[{"id":34492,"href":"https:\/\/radiocresatelital.com\/index.php?rest_route=\/wp\/v2\/posts\/34490\/revisions\/34492"}],"wp:featuredmedia":[{"embeddable":true,"href":"https:\/\/radiocresatelital.com\/index.php?rest_route=\/wp\/v2\/media\/34491"}],"wp:attachment":[{"href":"https:\/\/radiocresatelital.com\/index.php?rest_route=%2Fwp%2Fv2%2Fmedia&parent=34490"}],"wp:term":[{"taxonomy":"category","embeddable":true,"href":"https:\/\/radiocresatelital.com\/index.php?rest_route=%2Fwp%2Fv2%2Fcategories&post=34490"},{"taxonomy":"post_tag","embeddable":true,"href":"https:\/\/radiocresatelital.com\/index.php?rest_route=%2Fwp%2Fv2%2Ftags&post=34490"}],"curies":[{"name":"wp","href":"https:\/\/api.w.org\/{rel}","templated":true}]}}