{"id":34478,"date":"2025-08-22T23:08:13","date_gmt":"2025-08-22T23:08:13","guid":{"rendered":"https:\/\/radiocresatelital.com\/?p=34478"},"modified":"2025-08-22T23:08:13","modified_gmt":"2025-08-22T23:08:13","slug":"con-plata-y-bronce-cerro-levantamiento-de-pesas-su-participacion-en-asu","status":"publish","type":"post","link":"https:\/\/radiocresatelital.com\/?p=34478","title":{"rendered":"Con plata y bronce cerr\u00f3 levantamiento de pesas su participaci\u00f3n en Asu"},"content":{"rendered":"<div class=\"elementor-element elementor-element-cb2de68 elementor-widget elementor-widget-spacer\" data-id=\"cb2de68\" data-element_type=\"widget\" data-widget_type=\"spacer.default\">\n<div class=\"elementor-widget-container\">\n<div class=\"elementor-spacer\">\n<div class=\"elementor-spacer-inner\"><\/div>\n<\/div>\n<\/div>\n<\/div>\n<div class=\"elementor-element elementor-element-7da7327 noticiaTexto elementor-widget elementor-widget-theme-post-content\" data-id=\"7da7327\" data-element_type=\"widget\" data-widget_type=\"theme-post-content.default\">\n<div class=\"elementor-widget-container\">\n<p>Asunci\u00f3n.- En la \u00faltima jornada de levantamiento de pesas de los Juegos Panamericanos Junior Asunci\u00f3n 2025, Ecuador sum\u00f3 una plata y un bronce, cerrando su participaci\u00f3n en la disciplina con una destacada actuaci\u00f3n.<\/p>\n<p>La medalla de plata fue para Vicente Braulio, de 17 a\u00f1os, en la categor\u00eda de 98 kg. El joven pesista levant\u00f3 150 kg en arranque y 170 kg en envi\u00f3n, sumando un total de 320 kg. Durante su primer intento de arranque sufri\u00f3 una molestia en el codo, lo que le impidi\u00f3 buscar pesos m\u00e1s altos, pero aun as\u00ed complet\u00f3 la competencia frente a rivales de la categor\u00eda U23 y asegur\u00f3 el vicecampeonato. \u201cYo iba a hacer m\u00e1s, pero con lo del codo que se me vino para atr\u00e1s, no pude\u2026 Mi sue\u00f1o es llegar a unos Juegos Ol\u00edmpicos\u201d coment\u00f3 Braulio tras conseguir la medalla.<\/p>\n<p><img decoding=\"async\" src=\"https:\/\/coe.org.ec\/wp-content\/uploads\/2025\/08\/WhatsApp-Image-2025-08-22-at-12.10.25-PM.jpeg\" alt=\"WhatsApp Image 2025-08-22 at 12.10.25 PM\" \/><\/p>\n<p>Damary Bravo Nazareno se colg\u00f3 la medalla de bronce en los 69 kg, con un total de 215 kg, 100 kg en arranque y 115 kg en envi\u00f3n. Damary destac\u00f3 la importancia de la medalla y el nivel de competencia: \u201cMe siento muy contenta de haber dejado el nombre del pa\u00eds en lo alto, de mostrar que Ecuador s\u00ed puede y que podemos llegar m\u00e1s lejos\u201d Adem\u00e1s, dedic\u00f3 este logro a su familia: \u201cEsta medalla la quiero dedicar a mi \u00f1a\u00f1o, que est\u00e1 de cumplea\u00f1os, \u00a1te quiero mucho!\u201d finaliz\u00f3 la medallista panamericana juvenil.<\/p>\n<p>Con estas dos preseas, Ecuador cerr\u00f3 su participaci\u00f3n en levantamiento de pesas en Asunci\u00f3n 2025 con un total de cuatro medallas: oro para Jessica Palacios Dajomes en los 63 kg m\u00e0s el r\u00e9cord panamericano juvenil, plata para Vicente Braulio y bronces para Damary Bravo y Brithany Moncayo. Adem\u00e1s, Elkin Ram\u00edrez en los 88 kg y Darwin Vera en los 65 kg se ubicaron en el cuarto lugar de sus divisiones.<\/p>\n<\/div>\n<\/div>\n","protected":false},"excerpt":{"rendered":"<p>Asunci\u00f3n.- En la \u00faltima jornada de levantamiento de pesas de los Juegos Panamericanos Junior Asunci\u00f3n 2025, Ecuador sum\u00f3 una plata y un bronce, cerrando su participaci\u00f3n en la disciplina con una destacada actuaci\u00f3n. La medalla de plata fue para Vicente Braulio, de 17 a\u00f1os, en la categor\u00eda de 98 kg. El joven pesista levant\u00f3 150 [&hellip;]<\/p>\n","protected":false},"author":2,"featured_media":34479,"comment_status":"open","ping_status":"closed","sticky":false,"template":"","format":"standard","meta":{"_jetpack_memberships_contains_paid_content":false,"footnotes":""},"categories":[9],"tags":[3876],"class_list":["post-34478","post","type-post","status-publish","format-standard","has-post-thumbnail","hentry","category-deportes","tag-juegos-panamericanos-junior-asuncion-2025"],"jetpack_featured_media_url":"https:\/\/radiocresatelital.com\/wp-content\/uploads\/2025\/08\/WhatsApp-Image-2025-08-22-at-2.14.26-PM.jpeg","jetpack_sharing_enabled":true,"_links":{"self":[{"href":"https:\/\/radiocresatelital.com\/index.php?rest_route=\/wp\/v2\/posts\/34478","targetHints":{"allow":["GET"]}}],"collection":[{"href":"https:\/\/radiocresatelital.com\/index.php?rest_route=\/wp\/v2\/posts"}],"about":[{"href":"https:\/\/radiocresatelital.com\/index.php?rest_route=\/wp\/v2\/types\/post"}],"author":[{"embeddable":true,"href":"https:\/\/radiocresatelital.com\/index.php?rest_route=\/wp\/v2\/users\/2"}],"replies":[{"embeddable":true,"href":"https:\/\/radiocresatelital.com\/index.php?rest_route=%2Fwp%2Fv2%2Fcomments&post=34478"}],"version-history":[{"count":1,"href":"https:\/\/radiocresatelital.com\/index.php?rest_route=\/wp\/v2\/posts\/34478\/revisions"}],"predecessor-version":[{"id":34480,"href":"https:\/\/radiocresatelital.com\/index.php?rest_route=\/wp\/v2\/posts\/34478\/revisions\/34480"}],"wp:featuredmedia":[{"embeddable":true,"href":"https:\/\/radiocresatelital.com\/index.php?rest_route=\/wp\/v2\/media\/34479"}],"wp:attachment":[{"href":"https:\/\/radiocresatelital.com\/index.php?rest_route=%2Fwp%2Fv2%2Fmedia&parent=34478"}],"wp:term":[{"taxonomy":"category","embeddable":true,"href":"https:\/\/radiocresatelital.com\/index.php?rest_route=%2Fwp%2Fv2%2Fcategories&post=34478"},{"taxonomy":"post_tag","embeddable":true,"href":"https:\/\/radiocresatelital.com\/index.php?rest_route=%2Fwp%2Fv2%2Ftags&post=34478"}],"curies":[{"name":"wp","href":"https:\/\/api.w.org\/{rel}","templated":true}]}}