{"id":34422,"date":"2025-08-22T20:37:09","date_gmt":"2025-08-22T20:37:09","guid":{"rendered":"https:\/\/radiocresatelital.com\/?p=34422"},"modified":"2025-08-22T20:37:09","modified_gmt":"2025-08-22T20:37:09","slug":"fet-y-viceministerio-del-deporte-realizan-reconocimiento-a-medallistas-panamericanos-junior","status":"publish","type":"post","link":"https:\/\/radiocresatelital.com\/?p=34422","title":{"rendered":"FET y Viceministerio del Deporte realizan reconocimiento a medallistas Panamericanos Junior"},"content":{"rendered":"<p>Guayaquil.- La Federaci\u00f3n Ecuatoriana de Tenis (FET) y el Viceministerio del Deporte realizaron un reconocimiento a los tenistas juveniles Emilio Camacho y Francisco Castro, por las medallas conseguidas en los II Juegos Panamericanos Junior Asu2025, que se jugaron en Asunci\u00f3n (Paraguay) en d\u00edas pasados.<\/p>\n<p>El Presidente de la Federaci\u00f3n Ecuatoriana de Tenis, Patricio Galarza Maldonado, entreg\u00f3 una beca deportiva que ayudar\u00e1 a los tenistas para sus desplazamientos a competencias internacionales del Circuito Mundial ITF Junior que pr\u00f3ximamente afrontar\u00e1n.<\/p>\n<p>\u201cQueremos acompa\u00f1ar a los tenistas y m\u00e1s que todo a esta nueva generaci\u00f3n para que sigan entrenando fuerte y llenen de m\u00e1s gloria a nuestro deporte y motiven para que m\u00e1s j\u00f3venes practiquen este deporte\u201d, acot\u00f3 el titular de la FET.<\/p>\n<p>En tanto que el viceministro del Deporte, Jos\u00e9 David Jim\u00e9nez, confirm\u00f3 que los dos jugadores juveniles ser\u00e1n incluidos dentro del Plan de Alto Rendimiento para que \u201ctengan mayores posibilidades de participar en torneos internacionales y poder sumar puntos que le permiten ubicarse en los mejores del ranking mundial\u201d.<\/p>\n<p>\u201cSabemos de la particularidad de este deporte, por eso conocemos lo que necesitan y como Gobierno y Secretaria del Deporte estamos aqu\u00ed para apoyarlos y en una mesa t\u00e9cnica hemos decidido que desde ahora no ser\u00e1n siete tenistas los que est\u00e9n dentro del Plan de Alto Rendimiento sino nueve con la inclusi\u00f3n de Emilio y Panchito\u201d, acot\u00f3 el viceministro del Deporte.<\/p>\n<p>En este acto tambi\u00e9n estuvieron el capit\u00e1n del equipo panamericano junior, Emilio G\u00f3mez; el presidente del Club Nacional de Guayaquil, Eduardo Mena; y, el titular del Guayaquil Tenis Club, H\u00e9ctor Sol\u00f3rzano.<\/p>\n<p>Emilio G\u00f3mez, que entrena a Camacho y Castro, manifest\u00f3 que quiere \u201ctransmitir sus experiencias a cada uno ellos\u2026 tratar de que corrijan sus errores y que potencien sus cualidades. Ellos saben que mis sue\u00f1os son los sue\u00f1os de ellos, y queremos conseguir cosas importantes\u201d.<\/p>\n<p>Emilio Camacho y Francisco Castro obtuvieron medalla de plata en dobles masculino; y, Emilio gan\u00f3 la de bronce en singles en los Juegos Panamericanos Junior.<\/p>\n","protected":false},"excerpt":{"rendered":"<p>Guayaquil.- La Federaci\u00f3n Ecuatoriana de Tenis (FET) y el Viceministerio del Deporte realizaron un reconocimiento a los tenistas juveniles Emilio Camacho y Francisco Castro, por las medallas conseguidas en los II Juegos Panamericanos Junior Asu2025, que se jugaron en Asunci\u00f3n (Paraguay) en d\u00edas pasados. El Presidente de la Federaci\u00f3n Ecuatoriana de Tenis, Patricio Galarza Maldonado, [&hellip;]<\/p>\n","protected":false},"author":2,"featured_media":34423,"comment_status":"open","ping_status":"closed","sticky":false,"template":"","format":"standard","meta":{"_jetpack_memberships_contains_paid_content":false,"footnotes":""},"categories":[9,64],"tags":[683,4559,5477,5476],"class_list":["post-34422","post","type-post","status-publish","format-standard","has-post-thumbnail","hentry","category-deportes","category-tenis","tag-federacion-ecuatoriana-de-tenis","tag-ii-juegos-panamericanos-junior-asu2025","tag-que-se-jugaron-en-asuncion","tag-viceministerio-del-deporte"],"jetpack_featured_media_url":"https:\/\/radiocresatelital.com\/wp-content\/uploads\/2025\/08\/WhatsApp-Image-2025-08-22-at-15.35.26.jpeg","jetpack_sharing_enabled":true,"_links":{"self":[{"href":"https:\/\/radiocresatelital.com\/index.php?rest_route=\/wp\/v2\/posts\/34422","targetHints":{"allow":["GET"]}}],"collection":[{"href":"https:\/\/radiocresatelital.com\/index.php?rest_route=\/wp\/v2\/posts"}],"about":[{"href":"https:\/\/radiocresatelital.com\/index.php?rest_route=\/wp\/v2\/types\/post"}],"author":[{"embeddable":true,"href":"https:\/\/radiocresatelital.com\/index.php?rest_route=\/wp\/v2\/users\/2"}],"replies":[{"embeddable":true,"href":"https:\/\/radiocresatelital.com\/index.php?rest_route=%2Fwp%2Fv2%2Fcomments&post=34422"}],"version-history":[{"count":1,"href":"https:\/\/radiocresatelital.com\/index.php?rest_route=\/wp\/v2\/posts\/34422\/revisions"}],"predecessor-version":[{"id":34424,"href":"https:\/\/radiocresatelital.com\/index.php?rest_route=\/wp\/v2\/posts\/34422\/revisions\/34424"}],"wp:featuredmedia":[{"embeddable":true,"href":"https:\/\/radiocresatelital.com\/index.php?rest_route=\/wp\/v2\/media\/34423"}],"wp:attachment":[{"href":"https:\/\/radiocresatelital.com\/index.php?rest_route=%2Fwp%2Fv2%2Fmedia&parent=34422"}],"wp:term":[{"taxonomy":"category","embeddable":true,"href":"https:\/\/radiocresatelital.com\/index.php?rest_route=%2Fwp%2Fv2%2Fcategories&post=34422"},{"taxonomy":"post_tag","embeddable":true,"href":"https:\/\/radiocresatelital.com\/index.php?rest_route=%2Fwp%2Fv2%2Ftags&post=34422"}],"curies":[{"name":"wp","href":"https:\/\/api.w.org\/{rel}","templated":true}]}}