{"id":33936,"date":"2025-08-18T17:37:04","date_gmt":"2025-08-18T17:37:04","guid":{"rendered":"https:\/\/radiocresatelital.com\/?p=33936"},"modified":"2025-08-18T20:38:51","modified_gmt":"2025-08-18T20:38:51","slug":"ministerio-de-salud-publica-reconoce-a-eternit-con-la-certificacion-activa-y-vive-por-promover-entornos-laborales-inclusivos","status":"publish","type":"post","link":"https:\/\/radiocresatelital.com\/?p=33936","title":{"rendered":"Ministerio de Salud P\u00fablica reconoce a Eternit con la certificaci\u00f3n \u201cActiva y Vive\u201d por promover entornos laborales inclusivos"},"content":{"rendered":"<p>Guayaquil.- Eternit, compa\u00f1\u00eda ecuatoriana con 68 a\u00f1os de experiencia en el desarrollo de soluciones para la construcci\u00f3n, recibi\u00f3 la certificaci\u00f3n \u201cActiva y Vive\u201d, otorgada por el Ministerio de Salud P\u00fablica. Este reconocimiento refleja su compromiso con el bienestar integral de su equipo humano y la promoci\u00f3n de la equidad de g\u00e9nero, a trav\u00e9s de iniciativas que fortalecen su cultura organizacional.<\/p>\n<p>En este marco, la empresa inaugur\u00f3 su primer lactario en la planta ubicada en el Parque Industrial Sur. Este espacio, equipado con sistemas de refrigeraci\u00f3n y mobiliario ergon\u00f3mico, permitir\u00e1 que las colaboradoras en per\u00edodo de lactancia puedan extraer y conservar su leche materna de forma segura y confortable durante su jornada laboral.<\/p>\n<p>\u201cEste es un paso importante en la construcci\u00f3n de espacios laborales m\u00e1s inclusivos y humanos. En Eternit estamos comprometidos con acompa\u00f1ar las distintas etapas de la vida de nuestros colaboradores, promoviendo una cultura de respeto, bienestar y equidad\u201d, se\u00f1al\u00f3 Jhon Jairo Tabares, Gerente General de Eternit.<\/p>\n<p>Esta iniciativa cumple con la normativa ecuatoriana vigente y reafirma el compromiso de Eternit con la creaci\u00f3n de entornos laborales m\u00e1s humanos, inclusivos y alineados con las necesidades de su personal.<\/p>\n","protected":false},"excerpt":{"rendered":"<p>Guayaquil.- Eternit, compa\u00f1\u00eda ecuatoriana con 68 a\u00f1os de experiencia en el desarrollo de soluciones para la construcci\u00f3n, recibi\u00f3 la certificaci\u00f3n \u201cActiva y Vive\u201d, otorgada por el Ministerio de Salud P\u00fablica. Este reconocimiento refleja su compromiso con el bienestar integral de su equipo humano y la promoci\u00f3n de la equidad de g\u00e9nero, a trav\u00e9s de iniciativas [&hellip;]<\/p>\n","protected":false},"author":2,"featured_media":33937,"comment_status":"open","ping_status":"closed","sticky":false,"template":"","format":"standard","meta":{"_jetpack_memberships_contains_paid_content":false,"footnotes":""},"categories":[13],"tags":[4082],"class_list":["post-33936","post","type-post","status-publish","format-standard","has-post-thumbnail","hentry","category-noticias-nacionales","tag-eternit"],"jetpack_featured_media_url":"https:\/\/radiocresatelital.com\/wp-content\/uploads\/2025\/08\/WhatsApp-Image-2025-08-18-at-15.35.03.jpeg","jetpack_sharing_enabled":true,"_links":{"self":[{"href":"https:\/\/radiocresatelital.com\/index.php?rest_route=\/wp\/v2\/posts\/33936","targetHints":{"allow":["GET"]}}],"collection":[{"href":"https:\/\/radiocresatelital.com\/index.php?rest_route=\/wp\/v2\/posts"}],"about":[{"href":"https:\/\/radiocresatelital.com\/index.php?rest_route=\/wp\/v2\/types\/post"}],"author":[{"embeddable":true,"href":"https:\/\/radiocresatelital.com\/index.php?rest_route=\/wp\/v2\/users\/2"}],"replies":[{"embeddable":true,"href":"https:\/\/radiocresatelital.com\/index.php?rest_route=%2Fwp%2Fv2%2Fcomments&post=33936"}],"version-history":[{"count":1,"href":"https:\/\/radiocresatelital.com\/index.php?rest_route=\/wp\/v2\/posts\/33936\/revisions"}],"predecessor-version":[{"id":33938,"href":"https:\/\/radiocresatelital.com\/index.php?rest_route=\/wp\/v2\/posts\/33936\/revisions\/33938"}],"wp:featuredmedia":[{"embeddable":true,"href":"https:\/\/radiocresatelital.com\/index.php?rest_route=\/wp\/v2\/media\/33937"}],"wp:attachment":[{"href":"https:\/\/radiocresatelital.com\/index.php?rest_route=%2Fwp%2Fv2%2Fmedia&parent=33936"}],"wp:term":[{"taxonomy":"category","embeddable":true,"href":"https:\/\/radiocresatelital.com\/index.php?rest_route=%2Fwp%2Fv2%2Fcategories&post=33936"},{"taxonomy":"post_tag","embeddable":true,"href":"https:\/\/radiocresatelital.com\/index.php?rest_route=%2Fwp%2Fv2%2Ftags&post=33936"}],"curies":[{"name":"wp","href":"https:\/\/api.w.org\/{rel}","templated":true}]}}