{"id":33804,"date":"2025-08-15T18:06:46","date_gmt":"2025-08-15T18:06:46","guid":{"rendered":"https:\/\/radiocresatelital.com\/?p=33804"},"modified":"2025-08-15T21:08:11","modified_gmt":"2025-08-15T21:08:11","slug":"mercedes-cordova-ceo-de-mc-group-ratificada-por-segundo-ano-consecutivo-en-el-global-board-de-worldcom-public-relations-group-2","status":"publish","type":"post","link":"https:\/\/radiocresatelital.com\/?p=33804","title":{"rendered":"Mercedes C\u00f3rdova, CEO de MC Group, ratificada por segundo a\u00f1o consecutivo en el Global Board de Worldcom Public Relations Group"},"content":{"rendered":"<p>Quito.-\u00a0 Mercedes C\u00f3rdova, CEO de MC Group, ha sido ratificada por segundo a\u00f1o consecutivo como miembro del Global Board de Worldcom Public Relations Group, la red internacional de agencias independientes de relaciones p\u00fablicas m\u00e1s importante del mundo.<\/p>\n<p>La reelecci\u00f3n se oficializ\u00f3 durante el Worldcom Global Meeting 2025, realizado en San Jos\u00e9, Costa Rica, donde l\u00edderes de m\u00e1s de 80 agencias de comunicaci\u00f3n de seis continentes se reunieron para definir la visi\u00f3n estrat\u00e9gica de la red para el pr\u00f3ximo a\u00f1o.<\/p>\n<p>Este nombramiento no solo ratifica el liderazgo de C\u00f3rdova en el \u00e1mbito de la comunicaci\u00f3n estrat\u00e9gica, sino que tambi\u00e9n representa un motivo de orgullo para el pa\u00eds: por segundo a\u00f1o consecutivo, una ecuatoriana ocupa un espacio clave en la toma de decisiones globales en la industria. Su participaci\u00f3n demuestra que desde Ecuador se gestiona una comunicaci\u00f3n de alto nivel, alineada con los est\u00e1ndares y el ritmo de las grandes potencias del sector.<\/p>\n<p>\u201cEs un honor seguir representando a Latinoam\u00e9rica y al Ecuador en este espacio global, donde el trabajo colaborativo entre culturas y visiones fortalece a toda nuestra industria. Desde MC Group reafirmamos nuestro compromiso con una comunicaci\u00f3n \u00e9tica, estrat\u00e9gica y con impacto\u201d, expres\u00f3 C\u00f3rdova tras su designaci\u00f3n.<\/p>\n<p>Desde MC Group se celebra este logro como un reconocimiento al compromiso sostenido de la agencia con la excelencia, y al posicionamiento de Ecuador como un actor relevante en el escenario internacional de la comunicaci\u00f3n.<\/p>\n","protected":false},"excerpt":{"rendered":"<p>Quito.-\u00a0 Mercedes C\u00f3rdova, CEO de MC Group, ha sido ratificada por segundo a\u00f1o consecutivo como miembro del Global Board de Worldcom Public Relations Group, la red internacional de agencias independientes de relaciones p\u00fablicas m\u00e1s importante del mundo. La reelecci\u00f3n se oficializ\u00f3 durante el Worldcom Global Meeting 2025, realizado en San Jos\u00e9, Costa Rica, donde l\u00edderes [&hellip;]<\/p>\n","protected":false},"author":2,"featured_media":33805,"comment_status":"open","ping_status":"closed","sticky":false,"template":"","format":"standard","meta":{"_jetpack_memberships_contains_paid_content":false,"footnotes":""},"categories":[13],"tags":[5378,5225],"class_list":["post-33804","post","type-post","status-publish","format-standard","has-post-thumbnail","hentry","category-noticias-nacionales","tag-ceo-de-mc-group","tag-global-board-de-worldcom-public-relations-group"],"jetpack_featured_media_url":"https:\/\/radiocresatelital.com\/wp-content\/uploads\/2025\/08\/WORLDCOM-MC.jpeg","jetpack_sharing_enabled":true,"_links":{"self":[{"href":"https:\/\/radiocresatelital.com\/index.php?rest_route=\/wp\/v2\/posts\/33804","targetHints":{"allow":["GET"]}}],"collection":[{"href":"https:\/\/radiocresatelital.com\/index.php?rest_route=\/wp\/v2\/posts"}],"about":[{"href":"https:\/\/radiocresatelital.com\/index.php?rest_route=\/wp\/v2\/types\/post"}],"author":[{"embeddable":true,"href":"https:\/\/radiocresatelital.com\/index.php?rest_route=\/wp\/v2\/users\/2"}],"replies":[{"embeddable":true,"href":"https:\/\/radiocresatelital.com\/index.php?rest_route=%2Fwp%2Fv2%2Fcomments&post=33804"}],"version-history":[{"count":1,"href":"https:\/\/radiocresatelital.com\/index.php?rest_route=\/wp\/v2\/posts\/33804\/revisions"}],"predecessor-version":[{"id":33806,"href":"https:\/\/radiocresatelital.com\/index.php?rest_route=\/wp\/v2\/posts\/33804\/revisions\/33806"}],"wp:featuredmedia":[{"embeddable":true,"href":"https:\/\/radiocresatelital.com\/index.php?rest_route=\/wp\/v2\/media\/33805"}],"wp:attachment":[{"href":"https:\/\/radiocresatelital.com\/index.php?rest_route=%2Fwp%2Fv2%2Fmedia&parent=33804"}],"wp:term":[{"taxonomy":"category","embeddable":true,"href":"https:\/\/radiocresatelital.com\/index.php?rest_route=%2Fwp%2Fv2%2Fcategories&post=33804"},{"taxonomy":"post_tag","embeddable":true,"href":"https:\/\/radiocresatelital.com\/index.php?rest_route=%2Fwp%2Fv2%2Ftags&post=33804"}],"curies":[{"name":"wp","href":"https:\/\/api.w.org\/{rel}","templated":true}]}}