{"id":33734,"date":"2025-08-14T22:59:23","date_gmt":"2025-08-14T22:59:23","guid":{"rendered":"https:\/\/radiocresatelital.com\/?p=33734"},"modified":"2025-08-14T22:59:23","modified_gmt":"2025-08-14T22:59:23","slug":"emprendedores-ganan-visibilidad-y-nuevas-oportunidades-gracias-a-epico","status":"publish","type":"post","link":"https:\/\/radiocresatelital.com\/?p=33734","title":{"rendered":"Emprendedores ganan visibilidad y nuevas oportunidades gracias a \u00c9PICO"},"content":{"rendered":"<p>Guayaquil.- M\u00e1s de 9.000 emprendedores y mipymes en Guayaquil han fortalecido sus negocios entre enero y julio de 2025 gracias a capacitaciones especializadas, ferias tem\u00e1ticas, ruedas de negocios y programas de formaci\u00f3n impulsados por \u00c9PICO. La empresa municipal articula m\u00e1s de 20 convenios con el sector p\u00fablico, privado, organizaciones de apoyo y la academia, adem\u00e1s de sumar la participaci\u00f3n de 125 empresas en el PACTO por el Talento de Guayaquil.<\/p>\n<p>Entre las iniciativas destacadas se encuentran la Ruta \u00c9pica Express, activaciones de ferias tem\u00e1ticas, ruedas de negocios y vitrinas de exposici\u00f3n en espacios p\u00fablicos y privados. Estas acciones incluyen capacitaciones conjuntas sobre planes de negocio, comercializaci\u00f3n, formalizaci\u00f3n y sostenibilidad, con el objetivo de fortalecer la propuesta de valor de los emprendimientos.<\/p>\n<p>Los convenios tambi\u00e9n permiten la entrega gratuita de servicios t\u00e9cnicos especializados, como la elaboraci\u00f3n de kits de marca (logotipo, paleta de colores y manual b\u00e1sico) y sesiones profesionales de fotograf\u00eda de productos, herramientas fundamentales para mejorar la imagen comercial y la competitividad de los emprendedores.<\/p>\n<p>Adicionalmente, \u00c9PICO se ha fortalecido la oferta de formaci\u00f3n a trav\u00e9s de los empresapiens (capacitaciones t\u00e9cnicas especializadas), talleres y seminarios digitales, implementaci\u00f3n de espacios de formaci\u00f3n en herramientas digitales y tecnolog\u00edas emergentes, y l\u00edneas de capacitaci\u00f3n en habilidades digitales b\u00e1sicas y avanzadas.<\/p>\n<p>Con la academia se han suscrito cartas de intenci\u00f3n con 17 universidades e institutos tecnol\u00f3gicos los institutos. F\u00e9lix Chang, gerente general de \u00c9PICO, explic\u00f3 que existe una ruta de capacitaci\u00f3n y, como ejemplo, mencion\u00f3 la culminaci\u00f3n de la Ruta \u00c9PICA Expr\u00e9s con la Universidad Cat\u00f3lica Santiago de Guayaquil, en la que se graduar\u00e1 este lunes 18 de agosto la primera promoci\u00f3n, con m\u00e1s de 200 personas.<\/p>\n<p>\u201cEstamos por hacer una Ruta Expr\u00e9s con la UTEG donde ya se tiene al emprendedor para que pueda comercializar su producto con un mejor est\u00e1ndar, incluso hicimos un producto que se llama SELLO donde la academia certifica y le da el aval para que puedan pedir los permisos sanitarios sin ning\u00fan costo\u201d, agreg\u00f3 Chang.<\/p>\n<p>Todas estas acciones generan visibilidad, acceso a mercados y nuevas oportunidades de crecimiento para los emprendedores acompa\u00f1ados por \u00c9PICO EP.<\/p>\n","protected":false},"excerpt":{"rendered":"<p>Guayaquil.- M\u00e1s de 9.000 emprendedores y mipymes en Guayaquil han fortalecido sus negocios entre enero y julio de 2025 gracias a capacitaciones especializadas, ferias tem\u00e1ticas, ruedas de negocios y programas de formaci\u00f3n impulsados por \u00c9PICO. La empresa municipal articula m\u00e1s de 20 convenios con el sector p\u00fablico, privado, organizaciones de apoyo y la academia, adem\u00e1s [&hellip;]<\/p>\n","protected":false},"author":2,"featured_media":33735,"comment_status":"open","ping_status":"closed","sticky":false,"template":"","format":"standard","meta":{"_jetpack_memberships_contains_paid_content":false,"footnotes":""},"categories":[33,13],"tags":[757],"class_list":["post-33734","post","type-post","status-publish","format-standard","has-post-thumbnail","hentry","category-guayaquil","category-noticias-nacionales","tag-epico"],"jetpack_featured_media_url":"https:\/\/radiocresatelital.com\/wp-content\/uploads\/2025\/08\/Unknown-7-970x646-1.jpeg","jetpack_sharing_enabled":true,"_links":{"self":[{"href":"https:\/\/radiocresatelital.com\/index.php?rest_route=\/wp\/v2\/posts\/33734","targetHints":{"allow":["GET"]}}],"collection":[{"href":"https:\/\/radiocresatelital.com\/index.php?rest_route=\/wp\/v2\/posts"}],"about":[{"href":"https:\/\/radiocresatelital.com\/index.php?rest_route=\/wp\/v2\/types\/post"}],"author":[{"embeddable":true,"href":"https:\/\/radiocresatelital.com\/index.php?rest_route=\/wp\/v2\/users\/2"}],"replies":[{"embeddable":true,"href":"https:\/\/radiocresatelital.com\/index.php?rest_route=%2Fwp%2Fv2%2Fcomments&post=33734"}],"version-history":[{"count":1,"href":"https:\/\/radiocresatelital.com\/index.php?rest_route=\/wp\/v2\/posts\/33734\/revisions"}],"predecessor-version":[{"id":33736,"href":"https:\/\/radiocresatelital.com\/index.php?rest_route=\/wp\/v2\/posts\/33734\/revisions\/33736"}],"wp:featuredmedia":[{"embeddable":true,"href":"https:\/\/radiocresatelital.com\/index.php?rest_route=\/wp\/v2\/media\/33735"}],"wp:attachment":[{"href":"https:\/\/radiocresatelital.com\/index.php?rest_route=%2Fwp%2Fv2%2Fmedia&parent=33734"}],"wp:term":[{"taxonomy":"category","embeddable":true,"href":"https:\/\/radiocresatelital.com\/index.php?rest_route=%2Fwp%2Fv2%2Fcategories&post=33734"},{"taxonomy":"post_tag","embeddable":true,"href":"https:\/\/radiocresatelital.com\/index.php?rest_route=%2Fwp%2Fv2%2Ftags&post=33734"}],"curies":[{"name":"wp","href":"https:\/\/api.w.org\/{rel}","templated":true}]}}