{"id":33728,"date":"2025-08-14T22:45:50","date_gmt":"2025-08-14T22:45:50","guid":{"rendered":"https:\/\/radiocresatelital.com\/?p=33728"},"modified":"2025-08-14T22:45:50","modified_gmt":"2025-08-14T22:45:50","slug":"sce-instala-la-primera-mesa-tecnica-interinstitucional-para-tratar-el-estudio-sobre-seguros-de-salud-y-medicina-prepagada","status":"publish","type":"post","link":"https:\/\/radiocresatelital.com\/?p=33728","title":{"rendered":"SCE instala la Primera Mesa T\u00e9cnica Interinstitucional para tratar el Estudio sobre Seguros de Salud y Medicina Prepagada"},"content":{"rendered":"<p>Quito.- La Superintendencia de Competencia Econ\u00f3mica (SCE) instal\u00f3 la Primera Mesa T\u00e9cnica Interinstitucional para coordinar, planificar y ejecutar acciones que permitan dar seguimiento a las conclusiones del Estudio de Mercado al Sector de Seguros con Cobertura de Asistencia M\u00e9dica y de Medicina Prepagada, e implementar las recomendaciones formuladas por la SCE.<\/p>\n<p>El encuentro cont\u00f3 con la participaci\u00f3n de delegados del Ministerio de Salud P\u00fablica (MSP), la Agencia de Aseguramiento de la Calidad de los Servicios de Salud y Medicina Prepagada (ACESS) y la Superintendencia de<br \/>\nCompa\u00f1\u00edas, Valores y Seguros (SCVS).<\/p>\n<p>En el transcurso de la Mesa T\u00e9cnica, se abri\u00f3 un di\u00e1logo t\u00e9cnico para viabilizar las reformas y acciones necesarias que<br \/>\nfortalezcan el sector de seguros, mejoren las condiciones para los usuarios y garanticen la transparencia de los mercados.<\/p>\n<p>La SCE ratifica su compromiso de avanzar con este proceso. Para conocer el estudio y las recomendaciones https:\/\/www.sce.gob.ec\/sitio\/recomendaciones-sce-2025\/<\/p>\n","protected":false},"excerpt":{"rendered":"<p>Quito.- La Superintendencia de Competencia Econ\u00f3mica (SCE) instal\u00f3 la Primera Mesa T\u00e9cnica Interinstitucional para coordinar, planificar y ejecutar acciones que permitan dar seguimiento a las conclusiones del Estudio de Mercado al Sector de Seguros con Cobertura de Asistencia M\u00e9dica y de Medicina Prepagada, e implementar las recomendaciones formuladas por la SCE. El encuentro cont\u00f3 con [&hellip;]<\/p>\n","protected":false},"author":2,"featured_media":33729,"comment_status":"open","ping_status":"closed","sticky":false,"template":"","format":"standard","meta":{"_jetpack_memberships_contains_paid_content":false,"footnotes":""},"categories":[13],"tags":[5360,3619],"class_list":["post-33728","post","type-post","status-publish","format-standard","has-post-thumbnail","hentry","category-noticias-nacionales","tag-primera-mesa-tecnica-interinstitucional","tag-superintendencia-de-competencia-economica"],"jetpack_featured_media_url":"https:\/\/radiocresatelital.com\/wp-content\/uploads\/2025\/08\/WhatsApp-Image-2024-01-31-at-1.08.30-PM.jpeg","jetpack_sharing_enabled":true,"_links":{"self":[{"href":"https:\/\/radiocresatelital.com\/index.php?rest_route=\/wp\/v2\/posts\/33728","targetHints":{"allow":["GET"]}}],"collection":[{"href":"https:\/\/radiocresatelital.com\/index.php?rest_route=\/wp\/v2\/posts"}],"about":[{"href":"https:\/\/radiocresatelital.com\/index.php?rest_route=\/wp\/v2\/types\/post"}],"author":[{"embeddable":true,"href":"https:\/\/radiocresatelital.com\/index.php?rest_route=\/wp\/v2\/users\/2"}],"replies":[{"embeddable":true,"href":"https:\/\/radiocresatelital.com\/index.php?rest_route=%2Fwp%2Fv2%2Fcomments&post=33728"}],"version-history":[{"count":1,"href":"https:\/\/radiocresatelital.com\/index.php?rest_route=\/wp\/v2\/posts\/33728\/revisions"}],"predecessor-version":[{"id":33730,"href":"https:\/\/radiocresatelital.com\/index.php?rest_route=\/wp\/v2\/posts\/33728\/revisions\/33730"}],"wp:featuredmedia":[{"embeddable":true,"href":"https:\/\/radiocresatelital.com\/index.php?rest_route=\/wp\/v2\/media\/33729"}],"wp:attachment":[{"href":"https:\/\/radiocresatelital.com\/index.php?rest_route=%2Fwp%2Fv2%2Fmedia&parent=33728"}],"wp:term":[{"taxonomy":"category","embeddable":true,"href":"https:\/\/radiocresatelital.com\/index.php?rest_route=%2Fwp%2Fv2%2Fcategories&post=33728"},{"taxonomy":"post_tag","embeddable":true,"href":"https:\/\/radiocresatelital.com\/index.php?rest_route=%2Fwp%2Fv2%2Ftags&post=33728"}],"curies":[{"name":"wp","href":"https:\/\/api.w.org\/{rel}","templated":true}]}}