{"id":33724,"date":"2025-08-14T22:35:59","date_gmt":"2025-08-14T22:35:59","guid":{"rendered":"https:\/\/radiocresatelital.com\/?p=33724"},"modified":"2025-08-14T22:38:27","modified_gmt":"2025-08-14T22:38:27","slug":"presidente-daniel-noboa-dio-inicio-a-obras-viales-en-106-69-km-de-la-carretera-e487-eje-clave-entre-sierra-y-costa","status":"publish","type":"post","link":"https:\/\/radiocresatelital.com\/?p=33724","title":{"rendered":"Presidente Daniel Noboa dio inicio a obras viales en 106.69 Km de la carretera E487, eje clave entre sierra y costa"},"content":{"rendered":"<p>Colta, Chimborazo. \u2013 Este 14 de agosto de 2025, el Presidente de la Rep\u00fablica, Daniel Noboa Azin, dio inicio a las obras de mantenimiento en la carretera E487: Balbanera &#8211; Pallatanga &#8211; Cumand\u00e1. La intervenci\u00f3n cubrir\u00e1 106.69 kil\u00f3metros de esta importante v\u00eda que une la Sierra Centro con la Costa, con una inversi\u00f3n de m\u00e1s de USD 47 millones.<\/p>\n<p>\u201cEl desarrollo econ\u00f3mico viene de la mano de la conectividad\u201d, asegur\u00f3 el Presidente Noboa, se\u00f1alando que la v\u00eda representa progreso. Precisamente, la obra beneficiar\u00e1 a m\u00e1s de 490.000 habitantes y generar\u00e1 480 plazas de empleo. Con ello, \u201cfortaleceremos el comercio y estimularemos el turismo\u201d, agreg\u00f3.<\/p>\n<p>El objetivo es reducir los tiempos de viaje y mejorar la seguridad en una v\u00eda clave para la econom\u00eda regional, reactivando infraestructura estrat\u00e9gica y abriendo nuevas oportunidades para distintos sectores. El proyecto forma parte del compromiso del Gobierno de El Nuevo Ecuador por desarrollar obras que, por a\u00f1os, irresponsablemente no se hab\u00edan contemplado.<\/p>\n<p>La obra fue gestionada mediante el Ministerio de Transporte y Obras P\u00fablicas (MTOP) con financiamiento del Banco de Desarrollo de Am\u00e9rica Latina (CAF). El Consorcio Balbanera Cumand\u00e1 estar\u00e1 a cargo de su ejecuci\u00f3n, tras ser seleccionado en un proceso de licitaci\u00f3n abierto \u201cpor sus m\u00e9ritos t\u00e9cnicos, experiencia y oferta econ\u00f3mica\u201d, detall\u00f3 el ministro Roberto Luque.<\/p>\n<p>Por otro lado, el Mandatario record\u00f3 otras acciones ejecutadas con el prop\u00f3sito de impulsar el desarrollo local, como la entrega de 1.805 cr\u00e9ditos por m\u00e1s de USD 17.7 millones a emprendedores de Riobamba, mediante BanEcuador. Asimismo, el ministro Luque se\u00f1al\u00f3 que se destinaron recursos para la rehabilitaci\u00f3n del tramo ferroviario en Alaus\u00ed. Adem\u00e1s, se instalaron dos puentes Bailey de 36 metros en la antigua v\u00eda Penipe \u2013 Ba\u00f1os, mientras un tercero est\u00e1 en proceso de colocaci\u00f3n.<\/p>\n<p>\u201cYa no hay excusas para servir al pueblo. Ya no hay excusas para el desarrollo del Ecuador. Ahora es donde tenemos que ser m\u00e1s fuertes y m\u00e1s decididos\u201d, afirm\u00f3 el Presidente, pues estas obras transforman positivamente la calidad de vida de la poblaci\u00f3n. El agradecimiento por esta obra fue compartido por distintos sectores que asistieron al evento.<\/p>\n<p>Marlene Rea, presidenta de una asociaci\u00f3n de mujeres y representante del sector agr\u00edcola, destac\u00f3 que la rehabilitaci\u00f3n de la v\u00eda mejorar\u00e1 el transporte de los productos y abrir\u00e1 nuevas oportunidades para las familias campesinas.<\/p>\n<p>A su vez, Luis Felipe Vizca\u00edno, representante de los transportistas, resalt\u00f3 que esta carretera ha sido solicitada y esperada por a\u00f1os, pues es una arteria que une la econom\u00eda de los pueblos: \u201cQuiero felicitarle \u2013se\u00f1or Presidente\u2013 por trabajar decididamente, apoyar a los sectores productivos y estructurar el desarrollo de este Nuevo Ecuador\u201d.<\/p>\n","protected":false},"excerpt":{"rendered":"<p>Colta, Chimborazo. \u2013 Este 14 de agosto de 2025, el Presidente de la Rep\u00fablica, Daniel Noboa Azin, dio inicio a las obras de mantenimiento en la carretera E487: Balbanera &#8211; Pallatanga &#8211; Cumand\u00e1. La intervenci\u00f3n cubrir\u00e1 106.69 kil\u00f3metros de esta importante v\u00eda que une la Sierra Centro con la Costa, con una inversi\u00f3n de m\u00e1s [&hellip;]<\/p>\n","protected":false},"author":2,"featured_media":33727,"comment_status":"open","ping_status":"closed","sticky":false,"template":"","format":"standard","meta":{"_jetpack_memberships_contains_paid_content":false,"footnotes":""},"categories":[13],"tags":[1322],"class_list":["post-33724","post","type-post","status-publish","format-standard","has-post-thumbnail","hentry","category-noticias-nacionales","tag-presidente-daniel-noboa"],"jetpack_featured_media_url":"https:\/\/radiocresatelital.com\/wp-content\/uploads\/2025\/08\/54720308507_99ab88a4cd_c.jpg","jetpack_sharing_enabled":true,"_links":{"self":[{"href":"https:\/\/radiocresatelital.com\/index.php?rest_route=\/wp\/v2\/posts\/33724","targetHints":{"allow":["GET"]}}],"collection":[{"href":"https:\/\/radiocresatelital.com\/index.php?rest_route=\/wp\/v2\/posts"}],"about":[{"href":"https:\/\/radiocresatelital.com\/index.php?rest_route=\/wp\/v2\/types\/post"}],"author":[{"embeddable":true,"href":"https:\/\/radiocresatelital.com\/index.php?rest_route=\/wp\/v2\/users\/2"}],"replies":[{"embeddable":true,"href":"https:\/\/radiocresatelital.com\/index.php?rest_route=%2Fwp%2Fv2%2Fcomments&post=33724"}],"version-history":[{"count":1,"href":"https:\/\/radiocresatelital.com\/index.php?rest_route=\/wp\/v2\/posts\/33724\/revisions"}],"predecessor-version":[{"id":33726,"href":"https:\/\/radiocresatelital.com\/index.php?rest_route=\/wp\/v2\/posts\/33724\/revisions\/33726"}],"wp:featuredmedia":[{"embeddable":true,"href":"https:\/\/radiocresatelital.com\/index.php?rest_route=\/wp\/v2\/media\/33727"}],"wp:attachment":[{"href":"https:\/\/radiocresatelital.com\/index.php?rest_route=%2Fwp%2Fv2%2Fmedia&parent=33724"}],"wp:term":[{"taxonomy":"category","embeddable":true,"href":"https:\/\/radiocresatelital.com\/index.php?rest_route=%2Fwp%2Fv2%2Fcategories&post=33724"},{"taxonomy":"post_tag","embeddable":true,"href":"https:\/\/radiocresatelital.com\/index.php?rest_route=%2Fwp%2Fv2%2Ftags&post=33724"}],"curies":[{"name":"wp","href":"https:\/\/api.w.org\/{rel}","templated":true}]}}