{"id":33528,"date":"2025-08-12T18:37:45","date_gmt":"2025-08-12T18:37:45","guid":{"rendered":"https:\/\/radiocresatelital.com\/?p=33528"},"modified":"2025-08-12T18:37:45","modified_gmt":"2025-08-12T18:37:45","slug":"presidente-daniel-noboa-desarrollara-visitas-oficiales-a-brasil-uruguay-argentinay-japon-este-agosto","status":"publish","type":"post","link":"https:\/\/radiocresatelital.com\/?p=33528","title":{"rendered":"Presidente Daniel Noboa desarrollar\u00e1 visitas oficiales a Brasil, Uruguay, Argentina,y Jap\u00f3n este Agosto"},"content":{"rendered":"<p>Quito. \u2013 La portavoz del Gobierno Nacional, Carolina Jaramillo Garc\u00e9s, inform\u00f3 este 12 de agosto sobre la pr\u00f3xima agenda internacional que cumplir\u00e1 el presidente Daniel Noboa Azin en Sudam\u00e9rica y Asia, con el prop\u00f3sito de fortalecer las relaciones bilaterales en temas como la seguridad, el comercio y la cooperaci\u00f3n bilateral. Tambi\u00e9n present\u00f3 los resultados de operativos ejecutados por el Registro Civil para combatir redes de tramitadores en el pa\u00eds.<\/p>\n<p>Del 18 al 21 de agosto, el presidente Noboa visitar\u00e1 Brasil, Uruguay y Argentina. En Brasil, se reunir\u00e1 con el presidente Luiz In\u00e1cio Lula da Silva, autoridades legislativas, entre otras actividades relevantes. Jaramillo se\u00f1al\u00f3 que se busca \u201cdar un nuevo impulso a la relaci\u00f3n bilateral, en materia de: cooperaci\u00f3n, educaci\u00f3n, inversiones y comercio\u201d.<\/p>\n<p>El 19 de agosto, el Primer Mandatario estar\u00e1 en Uruguay, donde mantendr\u00e1 un encuentro con el presidente Yamand\u00fa Orsi, autoridades parlamentarias y representantes de la Asociaci\u00f3n Latinoamericana de Integraci\u00f3n (ALADI). Adem\u00e1s, participar\u00e1 en un evento empresarial con 100 empresarios, inversionistas y exportadores. \u201cSe busca atraer inversi\u00f3n al Ecuador sobre todo en servicios, inteligencia artificial, sector inmobiliario y puertos\u201d, agreg\u00f3.<\/p>\n<p>En su visita a Argentina, prevista para el 20 y 21 de agosto, el presidente Noboa mantendr\u00e1 reuniones con su hom\u00f3logo Javier Milei, la C\u00e1mara de Diputados, estudiantes y empresarios.<\/p>\n<p>La vocera se\u00f1al\u00f3 que, \u201cel objetivo es el fortalecimiento de la cooperaci\u00f3n en sectores estrat\u00e9gicos como seguridad, comercio, miner\u00eda, energ\u00eda renovable y biotecnolog\u00eda\u201d.<\/p>\n<p><img decoding=\"async\" src=\"https:\/\/ecuadorenvivo.com\/wp-content\/uploads\/2025\/08\/Noboa-viajando.jpg\" alt=\"Daniel Noboa emprender\u00e1 dos giras internacionales en agosto: visitar\u00e1 Brasil,  Uruguay, Argentina y Jap\u00f3n - ECUADOR EN VIVO\" \/><br \/>\nDel 24 al 30 de agosto, el jefe de Estado visitar\u00e1 Jap\u00f3n, una de las principales econom\u00edas del mundo y un inversionista relevante en Am\u00e9rica Latina. All\u00ed se reunir\u00e1 con el primer ministro Ishiba Shigeru y se prev\u00e9 que participe como testigo de honor en la firma de un Memorando de Entendimiento entre JETRO y Pro Ecuador.<\/p>\n<p>En ese sentido, Jaramillo se\u00f1al\u00f3 que para el Gobierno Nacional es prioritario fomentar la atracci\u00f3n de inversi\u00f3n directa japonesa en sectores como energ\u00eda renovable, agroindustria, pesca, tecnolog\u00eda e infraestructura. \u201cEste tipo de encuentros al m\u00e1s alto nivel constituyen una manifestaci\u00f3n clara de voluntad pol\u00edtica para profundizar el di\u00e1logo bilateral y avanzar hacia una cooperaci\u00f3n m\u00e1s estructurada y diversificada\u201d, dijo.<\/p>\n<p>Por otro lado, la portavoz tambi\u00e9n inform\u00f3 que el Registro Civil, en coordinaci\u00f3n con la Polic\u00eda Nacional y otras entidades del Estado, ejecut\u00f3 operativos simult\u00e1neos en los exteriores de sus agencias en 10 ciudades del pa\u00eds. Estas acciones tienen como objetivo combatir las mafias de tramitadores y la falsificaci\u00f3n de turnos. En lo que va de 2025, se han realizado 78 operativos, con 36 personas aprehendidas, una sentenciada y siete locales clausurados.<\/p>\n","protected":false},"excerpt":{"rendered":"<p>Quito. \u2013 La portavoz del Gobierno Nacional, Carolina Jaramillo Garc\u00e9s, inform\u00f3 este 12 de agosto sobre la pr\u00f3xima agenda internacional que cumplir\u00e1 el presidente Daniel Noboa Azin en Sudam\u00e9rica y Asia, con el prop\u00f3sito de fortalecer las relaciones bilaterales en temas como la seguridad, el comercio y la cooperaci\u00f3n bilateral. Tambi\u00e9n present\u00f3 los resultados de [&hellip;]<\/p>\n","protected":false},"author":2,"featured_media":33529,"comment_status":"open","ping_status":"closed","sticky":false,"template":"","format":"standard","meta":{"_jetpack_memberships_contains_paid_content":false,"footnotes":""},"categories":[13],"tags":[1322],"class_list":["post-33528","post","type-post","status-publish","format-standard","has-post-thumbnail","hentry","category-noticias-nacionales","tag-presidente-daniel-noboa"],"jetpack_featured_media_url":"https:\/\/radiocresatelital.com\/wp-content\/uploads\/2025\/08\/Captura-de-pantalla-2025-08-05-132121.jpg","jetpack_sharing_enabled":true,"_links":{"self":[{"href":"https:\/\/radiocresatelital.com\/index.php?rest_route=\/wp\/v2\/posts\/33528","targetHints":{"allow":["GET"]}}],"collection":[{"href":"https:\/\/radiocresatelital.com\/index.php?rest_route=\/wp\/v2\/posts"}],"about":[{"href":"https:\/\/radiocresatelital.com\/index.php?rest_route=\/wp\/v2\/types\/post"}],"author":[{"embeddable":true,"href":"https:\/\/radiocresatelital.com\/index.php?rest_route=\/wp\/v2\/users\/2"}],"replies":[{"embeddable":true,"href":"https:\/\/radiocresatelital.com\/index.php?rest_route=%2Fwp%2Fv2%2Fcomments&post=33528"}],"version-history":[{"count":1,"href":"https:\/\/radiocresatelital.com\/index.php?rest_route=\/wp\/v2\/posts\/33528\/revisions"}],"predecessor-version":[{"id":33530,"href":"https:\/\/radiocresatelital.com\/index.php?rest_route=\/wp\/v2\/posts\/33528\/revisions\/33530"}],"wp:featuredmedia":[{"embeddable":true,"href":"https:\/\/radiocresatelital.com\/index.php?rest_route=\/wp\/v2\/media\/33529"}],"wp:attachment":[{"href":"https:\/\/radiocresatelital.com\/index.php?rest_route=%2Fwp%2Fv2%2Fmedia&parent=33528"}],"wp:term":[{"taxonomy":"category","embeddable":true,"href":"https:\/\/radiocresatelital.com\/index.php?rest_route=%2Fwp%2Fv2%2Fcategories&post=33528"},{"taxonomy":"post_tag","embeddable":true,"href":"https:\/\/radiocresatelital.com\/index.php?rest_route=%2Fwp%2Fv2%2Ftags&post=33528"}],"curies":[{"name":"wp","href":"https:\/\/api.w.org\/{rel}","templated":true}]}}