{"id":33525,"date":"2025-08-12T18:28:55","date_gmt":"2025-08-12T18:28:55","guid":{"rendered":"https:\/\/radiocresatelital.com\/?p=33525"},"modified":"2025-08-12T18:28:55","modified_gmt":"2025-08-12T18:28:55","slug":"avanza-recuperacion-de-uno-de-los-iconos-patrimoniales-de-guayaquil","status":"publish","type":"post","link":"https:\/\/radiocresatelital.com\/?p=33525","title":{"rendered":"Avanza recuperaci\u00f3n de uno de los \u00edconos patrimoniales de Guayaquil"},"content":{"rendered":"<p>Guayaquil.- Con un avance del 60 %, la restauraci\u00f3n del monumento al general Eloy Alfaro, una de las obras escult\u00f3ricas m\u00e1s representativas de Guayaquil, se encuentra en plena ejecuci\u00f3n. La intervenci\u00f3n, que est\u00e1 a cargo del Municipio, a trav\u00e9s de la Direcci\u00f3n de Patrimonio Cultural, junto a un equipo t\u00e9cnico especializado, concluir\u00e1 en septiembre.<\/p>\n<p>Erigido en 1961 por el arquitecto Rafael Rivas y el escultor Alfredo Palacio, se ubic\u00f3 originalmente en la avenida de Las Am\u00e9ricas su ejecuci\u00f3n demand\u00f3 un presupuesto de 600.000 sucres. En 2006 fue trasladada a la avenida Benjam\u00edn Rosales, cerca del acceso al Puente de la Unidad Nacional, donde factores como la vibraci\u00f3n vehicular, la contaminaci\u00f3n y la erosi\u00f3n aceleraron su deterioro.<\/p>\n<p>Durante la evaluaci\u00f3n inicial se detect\u00f3 la p\u00e9rdida de fragmentos de cemento en una figura femenina y un ni\u00f1o. Este \u00faltimo fue recuperado e integrado mediante un nuevo anclaje de hierro. Tambi\u00e9n se corrigieron zonas con p\u00e9rdida de adhesi\u00f3n y cohesi\u00f3n, y se descubri\u00f3 que un brazo de cemento hab\u00eda sido reemplazado por otro de fibra de vidrio, intervenci\u00f3n de la cual no existe registro en archivos municipales.<\/p>\n<p><img decoding=\"async\" src=\"https:\/\/guayaquil.gob.ec\/wp-content\/uploads\/2025\/08\/avanza-recuperacion-iconos-patrimoniales-guayaquil4.jpg\" alt=\"Avanza recuperaci\u00f3n de uno de los \u00edconos patrimoniales de Guayaquil \u2013  Alcald\u00eda de Guayaquil\" \/><br \/>\n\u201cDel lado posterior hubo una p\u00e9rdida de un brazo que ese s\u00ed se lo encontr\u00f3 y ya se lo coloc\u00f3. Tuvimos que hacer un anclaje nuevo, se lo volvi\u00f3 a soldar con piezas nuevas de hierro y luego se resan\u00f3 (\u2026) ahora pasar\u00e1 a un proceso de reintegraci\u00f3n de color\u201d, explic\u00f3 Ana Villalba, licenciada en Restauraci\u00f3n y Museolog\u00eda, encargada de los trabajos.<\/p>\n<p>El conjunto escult\u00f3rico, de aproximadamente 13 metros de alto por 4 metros de ancho, est\u00e1 compuesto por tres partes: la base estructural de cemento; la escultura central, que representa a 15 adultos y 2 ni\u00f1os, elaborada en cemento, piedra p\u00f3mez y metal; y la figura de Eloy Alfaro levantando una espada, hecha en bronce, que pesa entre 2 y 3 toneladas.<\/p>\n<p>Esta intervenci\u00f3n reafirma el compromiso del Municipio de Guayaquil con la preservaci\u00f3n del patrimonio cultural y la conservaci\u00f3n de sus monumentos hist\u00f3ricos.<\/p>\n","protected":false},"excerpt":{"rendered":"<p>Guayaquil.- Con un avance del 60 %, la restauraci\u00f3n del monumento al general Eloy Alfaro, una de las obras escult\u00f3ricas m\u00e1s representativas de Guayaquil, se encuentra en plena ejecuci\u00f3n. La intervenci\u00f3n, que est\u00e1 a cargo del Municipio, a trav\u00e9s de la Direcci\u00f3n de Patrimonio Cultural, junto a un equipo t\u00e9cnico especializado, concluir\u00e1 en septiembre. Erigido [&hellip;]<\/p>\n","protected":false},"author":2,"featured_media":33526,"comment_status":"open","ping_status":"closed","sticky":false,"template":"","format":"standard","meta":{"_jetpack_memberships_contains_paid_content":false,"footnotes":""},"categories":[33,13],"tags":[5331],"class_list":["post-33525","post","type-post","status-publish","format-standard","has-post-thumbnail","hentry","category-guayaquil","category-noticias-nacionales","tag-monumento-al-general-eloy-alfaro"],"jetpack_featured_media_url":"https:\/\/radiocresatelital.com\/wp-content\/uploads\/2025\/08\/avanza-recuperacion-iconos-patrimoniales-guayaquil3.jpg","jetpack_sharing_enabled":true,"_links":{"self":[{"href":"https:\/\/radiocresatelital.com\/index.php?rest_route=\/wp\/v2\/posts\/33525","targetHints":{"allow":["GET"]}}],"collection":[{"href":"https:\/\/radiocresatelital.com\/index.php?rest_route=\/wp\/v2\/posts"}],"about":[{"href":"https:\/\/radiocresatelital.com\/index.php?rest_route=\/wp\/v2\/types\/post"}],"author":[{"embeddable":true,"href":"https:\/\/radiocresatelital.com\/index.php?rest_route=\/wp\/v2\/users\/2"}],"replies":[{"embeddable":true,"href":"https:\/\/radiocresatelital.com\/index.php?rest_route=%2Fwp%2Fv2%2Fcomments&post=33525"}],"version-history":[{"count":1,"href":"https:\/\/radiocresatelital.com\/index.php?rest_route=\/wp\/v2\/posts\/33525\/revisions"}],"predecessor-version":[{"id":33527,"href":"https:\/\/radiocresatelital.com\/index.php?rest_route=\/wp\/v2\/posts\/33525\/revisions\/33527"}],"wp:featuredmedia":[{"embeddable":true,"href":"https:\/\/radiocresatelital.com\/index.php?rest_route=\/wp\/v2\/media\/33526"}],"wp:attachment":[{"href":"https:\/\/radiocresatelital.com\/index.php?rest_route=%2Fwp%2Fv2%2Fmedia&parent=33525"}],"wp:term":[{"taxonomy":"category","embeddable":true,"href":"https:\/\/radiocresatelital.com\/index.php?rest_route=%2Fwp%2Fv2%2Fcategories&post=33525"},{"taxonomy":"post_tag","embeddable":true,"href":"https:\/\/radiocresatelital.com\/index.php?rest_route=%2Fwp%2Fv2%2Ftags&post=33525"}],"curies":[{"name":"wp","href":"https:\/\/api.w.org\/{rel}","templated":true}]}}