{"id":33461,"date":"2025-08-08T18:27:26","date_gmt":"2025-08-08T18:27:26","guid":{"rendered":"https:\/\/radiocresatelital.com\/?p=33461"},"modified":"2025-08-08T21:28:40","modified_gmt":"2025-08-08T21:28:40","slug":"consorcio-urvaseo-trabaja-con-normalidad-en-el-feriado-del-10-de-agosto","status":"publish","type":"post","link":"https:\/\/radiocresatelital.com\/?p=33461","title":{"rendered":"Consorcio Urvaseo trabaja con normalidad en el feriado del 10 de agosto"},"content":{"rendered":"<p>Guayaquil.- Informamos a la comunidad que el feriado del 10 de agosto que se traslada al lunes 11, d\u00eda en el que se conmemora el Primer Grito de Independencia, el servicio de recolecci\u00f3n permanecer\u00e1 activo.<\/p>\n<p>Stefany Camacho Vocera de Urvaseo recuerda a la comunidad que trabajaremos ininterrumpidamente por lo que se le solicita a la ciudadan\u00eda sacar sus desechos en el horario y frecuencia asignado en su sector.<\/p>\n<p>La comunidad, el Municipio y Urvaseo comprometidos para que Guayaquil siga siendo la perla del Pacifico.<\/p>\n","protected":false},"excerpt":{"rendered":"<p>Guayaquil.- Informamos a la comunidad que el feriado del 10 de agosto que se traslada al lunes 11, d\u00eda en el que se conmemora el Primer Grito de Independencia, el servicio de recolecci\u00f3n permanecer\u00e1 activo. Stefany Camacho Vocera de Urvaseo recuerda a la comunidad que trabajaremos ininterrumpidamente por lo que se le solicita a la [&hellip;]<\/p>\n","protected":false},"author":2,"featured_media":33462,"comment_status":"open","ping_status":"closed","sticky":false,"template":"","format":"standard","meta":{"_jetpack_memberships_contains_paid_content":false,"footnotes":""},"categories":[33,13],"tags":[3992],"class_list":["post-33461","post","type-post","status-publish","format-standard","has-post-thumbnail","hentry","category-guayaquil","category-noticias-nacionales","tag-urbaseo"],"jetpack_featured_media_url":"https:\/\/radiocresatelital.com\/wp-content\/uploads\/2025\/08\/WhatsApp-Image-2025-08-07-at-10.31.08.jpeg","jetpack_sharing_enabled":true,"_links":{"self":[{"href":"https:\/\/radiocresatelital.com\/index.php?rest_route=\/wp\/v2\/posts\/33461","targetHints":{"allow":["GET"]}}],"collection":[{"href":"https:\/\/radiocresatelital.com\/index.php?rest_route=\/wp\/v2\/posts"}],"about":[{"href":"https:\/\/radiocresatelital.com\/index.php?rest_route=\/wp\/v2\/types\/post"}],"author":[{"embeddable":true,"href":"https:\/\/radiocresatelital.com\/index.php?rest_route=\/wp\/v2\/users\/2"}],"replies":[{"embeddable":true,"href":"https:\/\/radiocresatelital.com\/index.php?rest_route=%2Fwp%2Fv2%2Fcomments&post=33461"}],"version-history":[{"count":1,"href":"https:\/\/radiocresatelital.com\/index.php?rest_route=\/wp\/v2\/posts\/33461\/revisions"}],"predecessor-version":[{"id":33463,"href":"https:\/\/radiocresatelital.com\/index.php?rest_route=\/wp\/v2\/posts\/33461\/revisions\/33463"}],"wp:featuredmedia":[{"embeddable":true,"href":"https:\/\/radiocresatelital.com\/index.php?rest_route=\/wp\/v2\/media\/33462"}],"wp:attachment":[{"href":"https:\/\/radiocresatelital.com\/index.php?rest_route=%2Fwp%2Fv2%2Fmedia&parent=33461"}],"wp:term":[{"taxonomy":"category","embeddable":true,"href":"https:\/\/radiocresatelital.com\/index.php?rest_route=%2Fwp%2Fv2%2Fcategories&post=33461"},{"taxonomy":"post_tag","embeddable":true,"href":"https:\/\/radiocresatelital.com\/index.php?rest_route=%2Fwp%2Fv2%2Ftags&post=33461"}],"curies":[{"name":"wp","href":"https:\/\/api.w.org\/{rel}","templated":true}]}}