{"id":33454,"date":"2025-08-08T18:20:32","date_gmt":"2025-08-08T18:20:32","guid":{"rendered":"https:\/\/radiocresatelital.com\/?p=33454"},"modified":"2025-08-08T21:22:36","modified_gmt":"2025-08-08T21:22:36","slug":"unir-el-ministerio-de-cultura-de-ecuador-y-ruac-lanzan-las-becas-cultura-en-movimiento-para-dinamizar-la-creacion-difusion-y-preservacion-cultural","status":"publish","type":"post","link":"https:\/\/radiocresatelital.com\/?p=33454","title":{"rendered":"UNIR, el Ministerio de Cultura de Ecuador y RUAC lanzan las becas \u2018Cultura en Movimiento\u2019 para dinamizar la creaci\u00f3n, difusi\u00f3n y preservaci\u00f3n cultural"},"content":{"rendered":"<p>Quito.- La Universidad Internacional de La Rioja\u00a0\u00a0(UNIR), el Ministerio de Cultura y Patrimonio de Ecuador y el Registro de Artistas y Gestores Culturales (RUAC) han lanzado las becas \u2018Cultura en Movimiento\u2019, una iniciativa que busca dinamizar la creaci\u00f3n, difusi\u00f3n y preservaci\u00f3n cultural en todas sus formas.<\/p>\n<p>El objetivo de este programa de ayudas es apoyar a artistas, gestores, creadores y portadores de saberes que, con su talento y compromiso, enriquecen el tejido cultural de las comunidades ecuatorianas.<\/p>\n<p>La cuarta edici\u00f3n de convocatoria comprende 30 becas del 60% de descuento para cursar maestr\u00edas oficiales en esta universidad, con el fin de apoyar a los agentes culturales y sociales del Ecuador. Los programas que aplican a las becas conforman un listado de 24 titulaciones pertenecientes a las \u00e1reas de Artes y Humanidades, M\u00fasica y Ciencias Sociales. Puedes consultar el listado completo <a href=\"https:\/\/estudiar.unir.net\/ec\/ec-gen-bec-gene-becas-cultura\/?utm_source=offline&amp;utm_medium=off&amp;utm_content=news&amp;utm_campaign=offlineunireu_ecnewsbeca_beca_cultura_ndp_off\">en este enlace<\/a>.<\/p>\n<p>El plazo de inscripci\u00f3n se encuentra abierto, y la fecha l\u00edmite para que los interesados se postulen es el 15 de septiembre de este a\u00f1o. Puedes solicitar informaci\u00f3n y aplicar a las ayudas ingresando a la web se\u00f1alada anteriormente.<\/p>\n<p>Los adjudicatarios de las becas cursar\u00e1n las titulaciones en modalidad 100% online. Cabe destacar que estos programas de UNIR son reconocidos por SENESCYT.<\/p>\n<p>Los pasos para postular a las becas son los siguientes:<\/p>\n<ul>\n<li>Completar un formulario web con los datos del interesado y escoger el programa que desee.<\/li>\n<li>Un asesor de UNIR le llamar\u00e1 para contarle los detalles del proceso de becas.<\/li>\n<li>Reservar una plaza en la maestr\u00eda oficial seleccionada.<\/li>\n<li>Despu\u00e9s recibir\u00e1 en su correo electr\u00f3nico la solicitud de aplicaci\u00f3n a la beca.<\/li>\n<li>Aplicar a la solicitud y esperar los resultados. Un comit\u00e9 acad\u00e9mico revisar\u00e1 la postulaci\u00f3n y notificar\u00e1 a la persona, si es la beneficiaria de la beca.<\/li>\n<\/ul>\n<p>Requisitos de elegibilidad para la beca:<\/p>\n<ul>\n<li>Ser\u00e1n elegibles los interesados con nacionalidad y\/o residencia legal permanente del Ecuador.<\/li>\n<li>Para ser beneficiario de la beca, el candidato deber\u00e1 haber finalizado el proceso de admisi\u00f3n y haber sido admitido en el programa de estudios en UNIR.<\/li>\n<li>No haber recibido otras becas acad\u00e9micas, en el mismo nivel de estudios propuesto a esta convocatoria.<\/li>\n<li>Antes de iniciar cualquier programa, todo becario deber\u00e1 demostrar su capacidad financiera para solventar los costos del programa no cubierto por la beca dentro de un plazo establecido.<\/li>\n<\/ul>\n<p>Al finalizar los programas, los becados obtendr\u00e1n un t\u00edtulo oficial otorgado por UNIR, reconocido por el Ministerio de Educaci\u00f3n y v\u00e1lido en todo el Espacio Europeo de Educaci\u00f3n Superior. Los estudiantes cursar\u00e1n sus estudios a distancia. A la hora de realizar sus ex\u00e1menes finales, tendr\u00e1n la posibilidad de hacerlo de manera en l\u00ednea o de forma presencial. Con la primera opci\u00f3n podr\u00e1n evaluarse desde casa y contar\u00e1n con un equipo de apoyo. Para la segunda, esta instituci\u00f3n de educaci\u00f3n superior dispone de centros de ex\u00e1menes en ciudades como Quito y Guayaquil, entre otras.<\/p>\n<p>Ya lo sabes: \u00a1Cultura eres t\u00fa! Abre las puertas a un futuro prometedor cursando alguna de las titulaciones que ofrece UNIR, la universidad n\u00famero 1 en l\u00ednea en espa\u00f1ol, seg\u00fan el prestigioso ranking Times Higher Education (THE), uno de los tres m\u00e1s influyentes a nivel internacional.<\/p>\n<p>THE destac\u00f3 a UNIR especialmente por su \u201cperspectiva internacional\u201d, posicion\u00e1ndola como la primera universidad online de Espa\u00f1a en este aspecto, tanto por la procedencia de los alumnos y profesores, como por la colaboraci\u00f3n en materia de investigaci\u00f3n entre cient\u00edficos de diversa procedencia.<\/p>\n","protected":false},"excerpt":{"rendered":"<p>Quito.- La Universidad Internacional de La Rioja\u00a0\u00a0(UNIR), el Ministerio de Cultura y Patrimonio de Ecuador y el Registro de Artistas y Gestores Culturales (RUAC) han lanzado las becas \u2018Cultura en Movimiento\u2019, una iniciativa que busca dinamizar la creaci\u00f3n, difusi\u00f3n y preservaci\u00f3n cultural en todas sus formas. El objetivo de este programa de ayudas es apoyar [&hellip;]<\/p>\n","protected":false},"author":2,"featured_media":33455,"comment_status":"open","ping_status":"closed","sticky":false,"template":"","format":"standard","meta":{"_jetpack_memberships_contains_paid_content":false,"footnotes":""},"categories":[13],"tags":[5323,5324,698],"class_list":["post-33454","post","type-post","status-publish","format-standard","has-post-thumbnail","hentry","category-noticias-nacionales","tag-ministerio-de-cultura-y-patrimonio-de-ecuador","tag-registro-de-artistas-y-gestores-culturales","tag-universidad-internacional-de-la-rioja"],"jetpack_featured_media_url":"https:\/\/radiocresatelital.com\/wp-content\/uploads\/2025\/08\/WhatsApp-Image-2025-08-08-at-16.09.41.jpeg","jetpack_sharing_enabled":true,"_links":{"self":[{"href":"https:\/\/radiocresatelital.com\/index.php?rest_route=\/wp\/v2\/posts\/33454","targetHints":{"allow":["GET"]}}],"collection":[{"href":"https:\/\/radiocresatelital.com\/index.php?rest_route=\/wp\/v2\/posts"}],"about":[{"href":"https:\/\/radiocresatelital.com\/index.php?rest_route=\/wp\/v2\/types\/post"}],"author":[{"embeddable":true,"href":"https:\/\/radiocresatelital.com\/index.php?rest_route=\/wp\/v2\/users\/2"}],"replies":[{"embeddable":true,"href":"https:\/\/radiocresatelital.com\/index.php?rest_route=%2Fwp%2Fv2%2Fcomments&post=33454"}],"version-history":[{"count":2,"href":"https:\/\/radiocresatelital.com\/index.php?rest_route=\/wp\/v2\/posts\/33454\/revisions"}],"predecessor-version":[{"id":33457,"href":"https:\/\/radiocresatelital.com\/index.php?rest_route=\/wp\/v2\/posts\/33454\/revisions\/33457"}],"wp:featuredmedia":[{"embeddable":true,"href":"https:\/\/radiocresatelital.com\/index.php?rest_route=\/wp\/v2\/media\/33455"}],"wp:attachment":[{"href":"https:\/\/radiocresatelital.com\/index.php?rest_route=%2Fwp%2Fv2%2Fmedia&parent=33454"}],"wp:term":[{"taxonomy":"category","embeddable":true,"href":"https:\/\/radiocresatelital.com\/index.php?rest_route=%2Fwp%2Fv2%2Fcategories&post=33454"},{"taxonomy":"post_tag","embeddable":true,"href":"https:\/\/radiocresatelital.com\/index.php?rest_route=%2Fwp%2Fv2%2Ftags&post=33454"}],"curies":[{"name":"wp","href":"https:\/\/api.w.org\/{rel}","templated":true}]}}