{"id":33442,"date":"2025-08-08T18:02:17","date_gmt":"2025-08-08T18:02:17","guid":{"rendered":"https:\/\/radiocresatelital.com\/?p=33442"},"modified":"2025-08-08T21:04:17","modified_gmt":"2025-08-08T21:04:17","slug":"reconocimiento-a-medica-por-defender-el-derecho-a-una-salud-justa","status":"publish","type":"post","link":"https:\/\/radiocresatelital.com\/?p=33442","title":{"rendered":"Reconocimiento a m\u00e9dica por defender el derecho a una salud justa"},"content":{"rendered":"<p>Guayaquil. \u2013 La Dra. Mar\u00eda Jos\u00e9 Augusto \u00c1lvarez ha sido designada como Directora M\u00e9dica Nacional de Derechos Humanos por el Comit\u00e9 Ecuatoriano Defensor de Justicia y Derechos Humanos (CEJDHU), en reconocimiento a su trayectoria en salud p\u00fablica y su compromiso con el acceso equitativo a la atenci\u00f3n m\u00e9dica en el pa\u00eds.<\/p>\n<p>\u201cCreo en una salud con rostro humano, que escuche, que acompa\u00f1e, que dignifique. Este nombramiento reafirma mi compromiso con la construcci\u00f3n de sociedades m\u00e1s equitativas, inclusivas y respetuosas de los derechos humanos\u201d, expres\u00f3 la doctora tras recibir el reconocimiento.<\/p>\n<p>La doctora Mar\u00eda Jos\u00e9 Agusto, m\u00e9dica graduada de la Universidad Cat\u00f3lica Santiago de Guayaquil, cuenta con una s\u00f3lida formaci\u00f3n que incluye diversos diplomados en \u00e1reas como Pol\u00edticas Anticorrupci\u00f3n, Telesalud y Telemedicina, Humanizaci\u00f3n de Servicios de Salud, as\u00ed como una Maestr\u00eda en Gerencia Hospitalaria y otra en Administraci\u00f3n P\u00fablica. Actualmente, est\u00e1 cursando una Maestr\u00eda Oficial en Comunicaci\u00f3n Pol\u00edtica y un Doctorado Ph.D. en Administraci\u00f3n P\u00fablica y Privada.<\/p>\n<p>Con una destacada trayectoria como gerente general o directora de hospitales emblem\u00e1ticos, la doctora Agusto ha impulsado avances significativos en el sistema de salud ecuatoriano. Bajo su liderazgo, se repotenci\u00f3 la Unidad de Cuidados Intensivos Neonatales en el Hospital del Ni\u00f1o Dr. Francisco De Icaza Bustamante, gracias a la cooperaci\u00f3n del Gobierno de Turqu\u00eda, y convirti\u00f3 el Hospital General del Norte de Guayaquil Los Ceibos en un hospital centinela para el manejo de la Covid\u201319, destac\u00e1ndolo a nivel nacional.<\/p>\n<p>Su frase, \u00abLa salud p\u00fablica es m\u00e1s que estad\u00edstica. La salud p\u00fablica son las vidas que cuidamos\u00bb, refleja su profundo compromiso con el bienestar colectivo.<\/p>\n","protected":false},"excerpt":{"rendered":"<p>Guayaquil. \u2013 La Dra. Mar\u00eda Jos\u00e9 Augusto \u00c1lvarez ha sido designada como Directora M\u00e9dica Nacional de Derechos Humanos por el Comit\u00e9 Ecuatoriano Defensor de Justicia y Derechos Humanos (CEJDHU), en reconocimiento a su trayectoria en salud p\u00fablica y su compromiso con el acceso equitativo a la atenci\u00f3n m\u00e9dica en el pa\u00eds. \u201cCreo en una salud [&hellip;]<\/p>\n","protected":false},"author":2,"featured_media":33443,"comment_status":"open","ping_status":"closed","sticky":false,"template":"","format":"standard","meta":{"_jetpack_memberships_contains_paid_content":false,"footnotes":""},"categories":[13],"tags":[5319,5320],"class_list":["post-33442","post","type-post","status-publish","format-standard","has-post-thumbnail","hentry","category-noticias-nacionales","tag-comite-ecuatoriano-defensor-de-justicia-y-derechos-humanos","tag-dra-maria-jose-augusto-alvarez"],"jetpack_featured_media_url":"https:\/\/radiocresatelital.com\/wp-content\/uploads\/2025\/08\/Entrega-de-reconocimiento-scaled.jpeg","jetpack_sharing_enabled":true,"_links":{"self":[{"href":"https:\/\/radiocresatelital.com\/index.php?rest_route=\/wp\/v2\/posts\/33442","targetHints":{"allow":["GET"]}}],"collection":[{"href":"https:\/\/radiocresatelital.com\/index.php?rest_route=\/wp\/v2\/posts"}],"about":[{"href":"https:\/\/radiocresatelital.com\/index.php?rest_route=\/wp\/v2\/types\/post"}],"author":[{"embeddable":true,"href":"https:\/\/radiocresatelital.com\/index.php?rest_route=\/wp\/v2\/users\/2"}],"replies":[{"embeddable":true,"href":"https:\/\/radiocresatelital.com\/index.php?rest_route=%2Fwp%2Fv2%2Fcomments&post=33442"}],"version-history":[{"count":1,"href":"https:\/\/radiocresatelital.com\/index.php?rest_route=\/wp\/v2\/posts\/33442\/revisions"}],"predecessor-version":[{"id":33444,"href":"https:\/\/radiocresatelital.com\/index.php?rest_route=\/wp\/v2\/posts\/33442\/revisions\/33444"}],"wp:featuredmedia":[{"embeddable":true,"href":"https:\/\/radiocresatelital.com\/index.php?rest_route=\/wp\/v2\/media\/33443"}],"wp:attachment":[{"href":"https:\/\/radiocresatelital.com\/index.php?rest_route=%2Fwp%2Fv2%2Fmedia&parent=33442"}],"wp:term":[{"taxonomy":"category","embeddable":true,"href":"https:\/\/radiocresatelital.com\/index.php?rest_route=%2Fwp%2Fv2%2Fcategories&post=33442"},{"taxonomy":"post_tag","embeddable":true,"href":"https:\/\/radiocresatelital.com\/index.php?rest_route=%2Fwp%2Fv2%2Ftags&post=33442"}],"curies":[{"name":"wp","href":"https:\/\/api.w.org\/{rel}","templated":true}]}}