{"id":33394,"date":"2025-08-07T23:46:34","date_gmt":"2025-08-07T23:46:34","guid":{"rendered":"https:\/\/radiocresatelital.com\/?p=33394"},"modified":"2025-08-07T23:47:08","modified_gmt":"2025-08-07T23:47:08","slug":"equipo-municipal-realiza-barrido-recoleccion-y-lavado-para-mantener-calles-impecables","status":"publish","type":"post","link":"https:\/\/radiocresatelital.com\/?p=33394","title":{"rendered":"Equipo municipal realiza barrido, recolecci\u00f3n y lavado para mantener calles impecables"},"content":{"rendered":"<p>Guayaquil.- La limpieza en las calles Francisco Roca, Imbabura, Luzuriaga y Tom\u00e1s Mart\u00ednez desde la calle Panam\u00e1 hasta Rocafuerte, se realiza todos los d\u00edas, de domingo a domingo. Las jornadas comienzan a las 07h00 locales (12h00 GMT) y se extienden hasta las 16h00 locales (21h00 GMT), con un turno nocturno de 20h00 a 03h00 locales (01h00 a 08h00 GMT), momento en el que se realiza el \u00faltimo repaso de recolecci\u00f3n de basura.<\/p>\n<p>Un equipo de 12 obreros, de la empresa encargada del barrido, recolecci\u00f3n y transporte de desechos, en coordinaci\u00f3n con Cleanstar, permanece de forma continua en el sector. Gracias a esta operaci\u00f3n ininterrumpida, se recolectan alrededor de 4.000 kilos de basura generados por locales de entretenimiento, restaurantes, comercios y viviendas.<\/p>\n<p>Como parte del mantenimiento integral, se realiza adem\u00e1s el hidrolavado de aceras y adoquines dos veces por semana, lo que contribuye a mantener en \u00f3ptimas condiciones el entorno urbano y garantizar espacios limpios, seguros y funcionales para comerciantes, transe\u00fantes y visitantes.<\/p>\n<p>La Direcci\u00f3n de Aseo Cantonal y Servicios Especiales (DACSE) de la Alcald\u00eda de Guayaquil, adem\u00e1s de supervisar las labores de limpieza integral en el sector, realiza controles permanentes para verificar el cumplimiento de las ordenanzas municipales a bares y locales comerciales. Estas acciones buscan garantizar la correcta disposici\u00f3n de desechos, en beneficio de la convivencia ciudadana y el buen estado del entorno.<\/p>\n<p>De manera complementaria, la Empresa P\u00fablica Municipal de Parques, \u00c1reas Verdes y Espacios P\u00fablicos realiza mantenimiento a las jardineras mediante riego, limpieza de maleza y recolecci\u00f3n de residuos depositados indebidamente.<\/p>\n<p>\u201cSi pasan todos los d\u00edas para que mentir, a lo largo de aqu\u00ed pasan y hacen una sola recogida hasta la calle Tom\u00e1s Mart\u00ednez. Ellos pasan con la carreta recogiendo\u201d, coment\u00f3 Pablo Vera, comerciante del sector, reconociendo la constancia del servicio.<\/p>\n<p>Estas acciones reflejan el esfuerzo municipal por cuidar el entorno urbano, fortalecer la regeneraci\u00f3n de espacios p\u00fablicos y promover una cultura de corresponsabilidad ciudadana en la limpieza de la ciudad.<\/p>\n","protected":false},"excerpt":{"rendered":"<p>Guayaquil.- La limpieza en las calles Francisco Roca, Imbabura, Luzuriaga y Tom\u00e1s Mart\u00ednez desde la calle Panam\u00e1 hasta Rocafuerte, se realiza todos los d\u00edas, de domingo a domingo. Las jornadas comienzan a las 07h00 locales (12h00 GMT) y se extienden hasta las 16h00 locales (21h00 GMT), con un turno nocturno de 20h00 a 03h00 locales [&hellip;]<\/p>\n","protected":false},"author":2,"featured_media":33395,"comment_status":"open","ping_status":"closed","sticky":false,"template":"","format":"standard","meta":{"_jetpack_memberships_contains_paid_content":false,"footnotes":""},"categories":[33,13],"tags":[293,3236],"class_list":["post-33394","post","type-post","status-publish","format-standard","has-post-thumbnail","hentry","category-guayaquil","category-noticias-nacionales","tag-alcaldia-de-guayaquil","tag-direccion-de-aseo-cantonal-y-servicios-especiales"],"jetpack_featured_media_url":"https:\/\/radiocresatelital.com\/wp-content\/uploads\/2025\/08\/F002-scaled.jpeg","jetpack_sharing_enabled":true,"_links":{"self":[{"href":"https:\/\/radiocresatelital.com\/index.php?rest_route=\/wp\/v2\/posts\/33394","targetHints":{"allow":["GET"]}}],"collection":[{"href":"https:\/\/radiocresatelital.com\/index.php?rest_route=\/wp\/v2\/posts"}],"about":[{"href":"https:\/\/radiocresatelital.com\/index.php?rest_route=\/wp\/v2\/types\/post"}],"author":[{"embeddable":true,"href":"https:\/\/radiocresatelital.com\/index.php?rest_route=\/wp\/v2\/users\/2"}],"replies":[{"embeddable":true,"href":"https:\/\/radiocresatelital.com\/index.php?rest_route=%2Fwp%2Fv2%2Fcomments&post=33394"}],"version-history":[{"count":1,"href":"https:\/\/radiocresatelital.com\/index.php?rest_route=\/wp\/v2\/posts\/33394\/revisions"}],"predecessor-version":[{"id":33396,"href":"https:\/\/radiocresatelital.com\/index.php?rest_route=\/wp\/v2\/posts\/33394\/revisions\/33396"}],"wp:featuredmedia":[{"embeddable":true,"href":"https:\/\/radiocresatelital.com\/index.php?rest_route=\/wp\/v2\/media\/33395"}],"wp:attachment":[{"href":"https:\/\/radiocresatelital.com\/index.php?rest_route=%2Fwp%2Fv2%2Fmedia&parent=33394"}],"wp:term":[{"taxonomy":"category","embeddable":true,"href":"https:\/\/radiocresatelital.com\/index.php?rest_route=%2Fwp%2Fv2%2Fcategories&post=33394"},{"taxonomy":"post_tag","embeddable":true,"href":"https:\/\/radiocresatelital.com\/index.php?rest_route=%2Fwp%2Fv2%2Ftags&post=33394"}],"curies":[{"name":"wp","href":"https:\/\/api.w.org\/{rel}","templated":true}]}}