{"id":33368,"date":"2025-08-07T22:24:13","date_gmt":"2025-08-07T22:24:13","guid":{"rendered":"https:\/\/radiocresatelital.com\/?p=33368"},"modified":"2025-08-07T22:24:13","modified_gmt":"2025-08-07T22:24:13","slug":"ecuador-presenta-guias-alimentarias-con-enfoque-intercultural-y-sostenible-para-los-primeros-mil-dias-de-vida","status":"publish","type":"post","link":"https:\/\/radiocresatelital.com\/?p=33368","title":{"rendered":"Ecuador presenta Gu\u00edas Alimentarias con enfoque intercultural y sostenible para los primeros mil d\u00edas de vida"},"content":{"rendered":"<p>Quito.- Con el liderazgo de la vicepresidenta de la Rep\u00fablica, Mar\u00eda Jos\u00e9 Pinto, y la coordinaci\u00f3n del Ministerio de Salud P\u00fablica, la Secretar\u00eda T\u00e9cnica Ecuador Crece sin Desnutrici\u00f3n y la Organizaci\u00f3n de las Naciones Unidas para la Alimentaci\u00f3n y la Agricultura (FAO), se realiz\u00f3 en Otavalo, Imbabura, la presentaci\u00f3n oficial de las nuevas Gu\u00edas Alimentarias basadas en sistemas alimentarios para los Primeros Mil D\u00edas de Vida.<\/p>\n<p>Este instrumento t\u00e9cnico, educativo y participativo, avalado por FAO, busca capacitar en buenas pr\u00e1cticas nutricionales y atenci\u00f3n materno-infantil, con especial atenci\u00f3n a la etapa m\u00e1s cr\u00edtica del desarrollo humano: desde la gestaci\u00f3n hasta los dos a\u00f1os de edad.<\/p>\n<p>Durante su intervenci\u00f3n, la vicepresidenta Mar\u00eda Jos\u00e9 Pinto enfatiz\u00f3 que el abordaje de la nutrici\u00f3n infantil debe partir de una visi\u00f3n integral y basada en la identidad cultural y alimentaria del pa\u00eds. Se\u00f1al\u00f3 que estas gu\u00edas no son solo un documento t\u00e9cnico, sino una herramienta de transformaci\u00f3n social:<\/p>\n<p>\u201cLas nuevas gu\u00edas alimentarias responden justamente a ese desaf\u00edo. Nos permiten actuar temprano, desde el comienzo: desde la gestaci\u00f3n, desde el hogar, desde la comunidad. Y lo hacen reconociendo qui\u00e9nes somos, qu\u00e9 producimos, qu\u00e9 comemos y c\u00f3mo vivimos. Porque no hay mejor nutrici\u00f3n que aquella que respeta nuestra identidad y nuestras ra\u00edces.\u201d<\/p>\n<p><img decoding=\"async\" class=\"aligncenter\" src=\"https:\/\/www.vicepresidencia.gob.ec\/wp-content\/uploads\/2025\/08\/DSC02093-scaled.jpg\" \/><\/p>\n<p>\u201cLas nuevas gu\u00edas alimentarias responden justamente a ese desaf\u00edo. Nos permiten actuar temprano, desde el comienzo: desde la gestaci\u00f3n, desde el hogar, desde la comunidad. Y lo hacen reconociendo qui\u00e9nes somos, qu\u00e9 producimos, qu\u00e9 comemos y c\u00f3mo vivimos. Porque no hay mejor nutrici\u00f3n que aquella que respeta nuestra identidad y nuestras ra\u00edces.\u201d<\/p>\n<p>Uno de los datos m\u00e1s alarmantes que destac\u00f3 la segunda mandataria es que solo el 53% de los beb\u00e9s ecuatorianos recibe lactancia materna exclusiva durante sus primeros seis meses de vida, una cifra que evidencia la urgencia de intervenir desde el hogar. Subray\u00f3, adem\u00e1s, la importancia de conmemorar la Semana Mundial de la Lactancia Materna como una oportunidad para revalorizarla, no solo como fuente de alimento, sino como acto vital para el desarrollo infantil:<\/p>\n<p>\u201cLa lactancia materna es mucho m\u00e1s que alimento. Es v\u00ednculo, es salud, es desarrollo. Es el primer acto de protecci\u00f3n y justicia para un ni\u00f1o.\u201d<\/p>\n<p>Por su parte, el ministro de Salud P\u00fablica, Jimmy Martin, afirm\u00f3 que el Ecuador necesita un sistema sanitario enfocado en la prevenci\u00f3n.\u00a0\u201cHoy nos convoca un hito hist\u00f3rico y esperanzador para la salud (\u2026) esta estrategia es parte de las pol\u00edticas p\u00fablicas que lleva adelante el Gobierno Nacional para erradicar la desnutrici\u00f3n en nuestra poblaci\u00f3n. Combatir esta problem\u00e1tica es el desaf\u00edo m\u00e1s grande del Estado\u201d,\u00a0afirm\u00f3 el ministro.<\/p>\n<p>Las nuevas Gu\u00edas Alimentarias promueven pr\u00e1cticas de vida saludables, accesibles y culturalmente pertinentes. Incorporan materiales educomunicacionales, mensajes clave e identidad visual que facilitan su comprensi\u00f3n y aplicaci\u00f3n tanto por profesionales de salud como por familias y comunidades.<\/p>\n<p>Estas herramientas permiten activar procesos de educaci\u00f3n alimentaria que reconecten a la ciudadan\u00eda con alimentos locales, naturales y nutritivos, fortaleciendo la soberan\u00eda y seguridad alimentaria. Su desarrollo responde tambi\u00e9n a la necesidad de enfrentar la doble carga de malnutrici\u00f3n: tanto la desnutrici\u00f3n como el sobrepeso y la obesidad.<\/p>\n<p>En el evento participaron tambi\u00e9n Erika Z\u00e1rate, representante de la FAO en Ecuador; el gobernador de Imbabura, Israel Cabezas; y la Secretar\u00eda T\u00e9cnica Ecuador Crece sin Desnutrici\u00f3n Infantil. Desde una visi\u00f3n intersectorial y con enfoque territorial, esta estrategia busca posicionar a la alimentaci\u00f3n saludable como una pol\u00edtica de Estado y un derecho garantizado desde el inicio de la vida.<\/p>\n","protected":false},"excerpt":{"rendered":"<p>Quito.- Con el liderazgo de la vicepresidenta de la Rep\u00fablica, Mar\u00eda Jos\u00e9 Pinto, y la coordinaci\u00f3n del Ministerio de Salud P\u00fablica, la Secretar\u00eda T\u00e9cnica Ecuador Crece sin Desnutrici\u00f3n y la Organizaci\u00f3n de las Naciones Unidas para la Alimentaci\u00f3n y la Agricultura (FAO), se realiz\u00f3 en Otavalo, Imbabura, la presentaci\u00f3n oficial de las nuevas Gu\u00edas Alimentarias [&hellip;]<\/p>\n","protected":false},"author":2,"featured_media":33369,"comment_status":"open","ping_status":"closed","sticky":false,"template":"","format":"standard","meta":{"_jetpack_memberships_contains_paid_content":false,"footnotes":""},"categories":[13],"tags":[1336],"class_list":["post-33368","post","type-post","status-publish","format-standard","has-post-thumbnail","hentry","category-noticias-nacionales","tag-vicepresidenta-de-la-republica"],"jetpack_featured_media_url":"https:\/\/radiocresatelital.com\/wp-content\/uploads\/2025\/08\/DSC02119-1536x1229-1.jpg","jetpack_sharing_enabled":true,"_links":{"self":[{"href":"https:\/\/radiocresatelital.com\/index.php?rest_route=\/wp\/v2\/posts\/33368","targetHints":{"allow":["GET"]}}],"collection":[{"href":"https:\/\/radiocresatelital.com\/index.php?rest_route=\/wp\/v2\/posts"}],"about":[{"href":"https:\/\/radiocresatelital.com\/index.php?rest_route=\/wp\/v2\/types\/post"}],"author":[{"embeddable":true,"href":"https:\/\/radiocresatelital.com\/index.php?rest_route=\/wp\/v2\/users\/2"}],"replies":[{"embeddable":true,"href":"https:\/\/radiocresatelital.com\/index.php?rest_route=%2Fwp%2Fv2%2Fcomments&post=33368"}],"version-history":[{"count":1,"href":"https:\/\/radiocresatelital.com\/index.php?rest_route=\/wp\/v2\/posts\/33368\/revisions"}],"predecessor-version":[{"id":33370,"href":"https:\/\/radiocresatelital.com\/index.php?rest_route=\/wp\/v2\/posts\/33368\/revisions\/33370"}],"wp:featuredmedia":[{"embeddable":true,"href":"https:\/\/radiocresatelital.com\/index.php?rest_route=\/wp\/v2\/media\/33369"}],"wp:attachment":[{"href":"https:\/\/radiocresatelital.com\/index.php?rest_route=%2Fwp%2Fv2%2Fmedia&parent=33368"}],"wp:term":[{"taxonomy":"category","embeddable":true,"href":"https:\/\/radiocresatelital.com\/index.php?rest_route=%2Fwp%2Fv2%2Fcategories&post=33368"},{"taxonomy":"post_tag","embeddable":true,"href":"https:\/\/radiocresatelital.com\/index.php?rest_route=%2Fwp%2Fv2%2Ftags&post=33368"}],"curies":[{"name":"wp","href":"https:\/\/api.w.org\/{rel}","templated":true}]}}