{"id":33365,"date":"2025-08-07T19:18:38","date_gmt":"2025-08-07T19:18:38","guid":{"rendered":"https:\/\/radiocresatelital.com\/?p=33365"},"modified":"2025-08-07T22:21:13","modified_gmt":"2025-08-07T22:21:13","slug":"de-la-crisis-a-la-accion-la-puce-impulsa-un-congreso-internacional-por-una-sociedad-mas-justa","status":"publish","type":"post","link":"https:\/\/radiocresatelital.com\/?p=33365","title":{"rendered":"De la crisis a la acci\u00f3n: la PUCE impulsa un Congreso internacional por una sociedad m\u00e1s justa"},"content":{"rendered":"<p>Quito.- Ante los desaf\u00edos estructurales que enfrenta el pa\u00eds y el mundo, la Pontificia Universidad Cat\u00f3lica del Ecuador (PUCE) ser\u00e1 el epicentro del Congreso Internacional PUCE Humanidades: Sociedades justas para la paz, que se desarrollar\u00e1 del 14 al 16 de agosto en Quito y surge como una respuesta al escenario global marcado por crisis econ\u00f3micas, migraci\u00f3n juvenil, violencia estructural y transformaci\u00f3n pol\u00edtica.<\/p>\n<p>Para poder enfrentar los problemas sociales, es necesario que las Ciencias Sociales dialoguen con la tecnolog\u00eda. Ecuador atraviesa estas problem\u00e1ticas , viviendo una de las \u00e9pocas m\u00e1s violentas en su historia. En el primer semestre de 2025, se contabilizaron 4.619 homicidios intencionales a nivel nacional, seg\u00fan datos que maneja el Ministerio del Interior, reflejando una grave crisis sociocultural y econ\u00f3mica, que necesita ser discutida por la academia.<\/p>\n<p>Fernando Ponce Le\u00f3n, S.J., El rector de la PUCE destaca que \u201clas Ciencias Sociales y Humanidades son fundamentales para entender y afrontar los retos del presente, sin perder la mirada \u00e9tica y humanista\u201d. Frente a esta realidad la PUCE busca generar un espacio de reflexi\u00f3n profunda sobre la vigencia, pertinencia y renovaci\u00f3n de las Ciencias Sociales y Humanidades.<\/p>\n<p>\u201cEl reto es formar profesionales capaces de leer y analizar realidades complejas con una comprensi\u00f3n cr\u00edtica y propositiva\u201d, Mario Melo Cevallos, director del \u00c1rea Acad\u00e9mica Nacional de Ciencias Sociales y Humanidades.<\/p>\n<p>Durante tres d\u00edas se abordar\u00e1 temas sobre: la construcci\u00f3n de una sociedad justa, el ejercicio pleno de los derechos y la promoci\u00f3n de la cultura de paz.<br \/>\nEl evento re\u00fane a acad\u00e9micos nacionales e internacionales de 10 universidades de latinoam\u00e9rica como Carlos Mart\u00edn Beristain (Espa\u00f1a), defensor de derechos humanos; Genevieve Gal\u00e1n (M\u00e9xico), experta en pensamiento humanista. Ponencias centradas en temas urgentes como la desnutrici\u00f3n infantil, la violencia escolar, la educaci\u00f3n sexual en la universidad, la reconciliaci\u00f3n religiosa, la pobreza estructural y los derechos de la fauna urbana.<\/p>\n","protected":false},"excerpt":{"rendered":"<p>Quito.- Ante los desaf\u00edos estructurales que enfrenta el pa\u00eds y el mundo, la Pontificia Universidad Cat\u00f3lica del Ecuador (PUCE) ser\u00e1 el epicentro del Congreso Internacional PUCE Humanidades: Sociedades justas para la paz, que se desarrollar\u00e1 del 14 al 16 de agosto en Quito y surge como una respuesta al escenario global marcado por crisis econ\u00f3micas, [&hellip;]<\/p>\n","protected":false},"author":2,"featured_media":33366,"comment_status":"open","ping_status":"closed","sticky":false,"template":"","format":"standard","meta":{"_jetpack_memberships_contains_paid_content":false,"footnotes":""},"categories":[13],"tags":[5309,4053],"class_list":["post-33365","post","type-post","status-publish","format-standard","has-post-thumbnail","hentry","category-noticias-nacionales","tag-congreso-internacional-puce-humanidades","tag-pontificia-universidad-catolica-del-ecuador"],"jetpack_featured_media_url":"https:\/\/radiocresatelital.com\/wp-content\/uploads\/2025\/08\/WhatsApp-Image-2025-08-07-at-13.28.29.jpeg","jetpack_sharing_enabled":true,"_links":{"self":[{"href":"https:\/\/radiocresatelital.com\/index.php?rest_route=\/wp\/v2\/posts\/33365","targetHints":{"allow":["GET"]}}],"collection":[{"href":"https:\/\/radiocresatelital.com\/index.php?rest_route=\/wp\/v2\/posts"}],"about":[{"href":"https:\/\/radiocresatelital.com\/index.php?rest_route=\/wp\/v2\/types\/post"}],"author":[{"embeddable":true,"href":"https:\/\/radiocresatelital.com\/index.php?rest_route=\/wp\/v2\/users\/2"}],"replies":[{"embeddable":true,"href":"https:\/\/radiocresatelital.com\/index.php?rest_route=%2Fwp%2Fv2%2Fcomments&post=33365"}],"version-history":[{"count":1,"href":"https:\/\/radiocresatelital.com\/index.php?rest_route=\/wp\/v2\/posts\/33365\/revisions"}],"predecessor-version":[{"id":33367,"href":"https:\/\/radiocresatelital.com\/index.php?rest_route=\/wp\/v2\/posts\/33365\/revisions\/33367"}],"wp:featuredmedia":[{"embeddable":true,"href":"https:\/\/radiocresatelital.com\/index.php?rest_route=\/wp\/v2\/media\/33366"}],"wp:attachment":[{"href":"https:\/\/radiocresatelital.com\/index.php?rest_route=%2Fwp%2Fv2%2Fmedia&parent=33365"}],"wp:term":[{"taxonomy":"category","embeddable":true,"href":"https:\/\/radiocresatelital.com\/index.php?rest_route=%2Fwp%2Fv2%2Fcategories&post=33365"},{"taxonomy":"post_tag","embeddable":true,"href":"https:\/\/radiocresatelital.com\/index.php?rest_route=%2Fwp%2Fv2%2Ftags&post=33365"}],"curies":[{"name":"wp","href":"https:\/\/api.w.org\/{rel}","templated":true}]}}