{"id":33359,"date":"2025-08-07T22:13:32","date_gmt":"2025-08-07T22:13:32","guid":{"rendered":"https:\/\/radiocresatelital.com\/?p=33359"},"modified":"2025-08-07T22:13:41","modified_gmt":"2025-08-07T22:13:41","slug":"concejo-municipal-aprobo-inversion-de-usd-252-millones-y-proyectos-de-desarrollo-social","status":"publish","type":"post","link":"https:\/\/radiocresatelital.com\/?p=33359","title":{"rendered":"Concejo Municipal aprob\u00f3 inversi\u00f3n de USD 25,2 millones y proyectos de desarrollo social"},"content":{"rendered":"<p>Guayaquil.- El Concejo Municipal, liderado por el alcalde Aquiles Alvarez, aprob\u00f3 importantes medidas que apuntan a optimizar la administraci\u00f3n p\u00fablica y potenciar proyectos sociales en beneficio de la ciudad.<\/p>\n<p>Como parte de la mejora financiera, se autoriz\u00f3 una inversi\u00f3n de USD 25,2 millones en bonos del Estado. La concejala Emily Vera destac\u00f3 que esta iniciativa representa una inversi\u00f3n s\u00f3lida, de bajo riesgo y con intereses competitivos. Adem\u00e1s, explic\u00f3 que esta operaci\u00f3n permitir\u00e1 \u201cincorporar activos de alta liquidez y solvencia al portafolio del GAD municipal, considerarlos como alternativa para atender compromisos municipales como el pago de proveedores, entidades adscritas y monetizarlos a trav\u00e9s del mercado de valores generando ingresos financieros\u201d.<\/p>\n<p>En el \u00e1mbito social se aprobaron tres convenios. El primero destina recursos a la Fundaci\u00f3n Amiguitos del Oc\u00e9ano para el proyecto \u201cSensibilizaci\u00f3n ambiental para comunidades costeras \u2018Amigos del Estero y del Oc\u00e9ano\u2019\u201d, que se implementar\u00e1 en Puerto Hondo y Batall\u00f3n del Suburbio. Este programa incluye la creaci\u00f3n de EcoClubes infantiles, talleres participativos y jornadas de sensibilizaci\u00f3n marina-costera, con el fin de fortalecer la gobernanza local en la conservaci\u00f3n de manglares y cuerpos de agua.<\/p>\n<p>El segundo convenio apoya el taller \u201cActiva tu Defensa: Taller de Autoprotecci\u00f3n para Mujeres Adolescentes\u201d, liderado por Camila Andrade Men\u00e9ndez, orientado a brindar herramientas pr\u00e1cticas de autoprotecci\u00f3n a j\u00f3venes de 13 a 18 a\u00f1os.<\/p>\n<p>Finalmente, se aprob\u00f3 una adenda al convenio tripartito entre la Municipalidad, Segura EP y el Ministerio de Defensa para extender hasta febrero de 2026 el plazo de construcci\u00f3n y entrega de instalaciones a las Fuerzas Armadas.<\/p>\n<p><strong>Renovaci\u00f3n de representantes ante entidades adscritas<\/strong><br \/>\nEl Concejo tambi\u00e9n aprob\u00f3 cambios en representantes ante entidades adscritas. Josu\u00e9 Dumani Ram\u00edrez renunci\u00f3 como delegado en el directorio de Segura EP, siendo reemplazado por Isabella Altuve. En la Autoridad Aeroportuaria, Gabriela Beltr\u00e1n Merch\u00e1n asumi\u00f3 el lugar de Oliver Dumani Ram\u00edrez, mientras que Ra\u00fal Jap\u00f3n Gonz\u00e1lez reemplaza a Felipe Cabezas-Klaere en la Fundaci\u00f3n Siglo XXI. Asimismo, David Norero Calvo fue designado como nuevo secretario del Concejo.<\/p>\n<p><strong>Miss Universe Ecuador, Embajadora Ad Honorem de Guayaquil<\/strong><br \/>\nEl cuerpo edilicio, adem\u00e1s, declar\u00f3 como Embajadora Ad Honorem de Guayaquil a la se\u00f1ora Nadia Mej\u00eda Eicher, Miss Universe Ecuador 2025. \u201cGracias a su gran belleza, talento y cualidades representar\u00e1 a la mujer ecuatoriana en el m\u00e1s importante certamen de belleza mundial: el Miss Universo 2025\u201d, detall\u00f3 Soledad Diab.<\/p>\n","protected":false},"excerpt":{"rendered":"<p>Guayaquil.- El Concejo Municipal, liderado por el alcalde Aquiles Alvarez, aprob\u00f3 importantes medidas que apuntan a optimizar la administraci\u00f3n p\u00fablica y potenciar proyectos sociales en beneficio de la ciudad. Como parte de la mejora financiera, se autoriz\u00f3 una inversi\u00f3n de USD 25,2 millones en bonos del Estado. La concejala Emily Vera destac\u00f3 que esta iniciativa [&hellip;]<\/p>\n","protected":false},"author":2,"featured_media":33360,"comment_status":"open","ping_status":"closed","sticky":false,"template":"","format":"standard","meta":{"_jetpack_memberships_contains_paid_content":false,"footnotes":""},"categories":[33,13],"tags":[1519,2157],"class_list":["post-33359","post","type-post","status-publish","format-standard","has-post-thumbnail","hentry","category-guayaquil","category-noticias-nacionales","tag-alcalde-aquiles-alvarez","tag-concejo-municipal"],"jetpack_featured_media_url":"https:\/\/radiocresatelital.com\/wp-content\/uploads\/2025\/08\/F01-scaled.jpeg","jetpack_sharing_enabled":true,"_links":{"self":[{"href":"https:\/\/radiocresatelital.com\/index.php?rest_route=\/wp\/v2\/posts\/33359","targetHints":{"allow":["GET"]}}],"collection":[{"href":"https:\/\/radiocresatelital.com\/index.php?rest_route=\/wp\/v2\/posts"}],"about":[{"href":"https:\/\/radiocresatelital.com\/index.php?rest_route=\/wp\/v2\/types\/post"}],"author":[{"embeddable":true,"href":"https:\/\/radiocresatelital.com\/index.php?rest_route=\/wp\/v2\/users\/2"}],"replies":[{"embeddable":true,"href":"https:\/\/radiocresatelital.com\/index.php?rest_route=%2Fwp%2Fv2%2Fcomments&post=33359"}],"version-history":[{"count":1,"href":"https:\/\/radiocresatelital.com\/index.php?rest_route=\/wp\/v2\/posts\/33359\/revisions"}],"predecessor-version":[{"id":33361,"href":"https:\/\/radiocresatelital.com\/index.php?rest_route=\/wp\/v2\/posts\/33359\/revisions\/33361"}],"wp:featuredmedia":[{"embeddable":true,"href":"https:\/\/radiocresatelital.com\/index.php?rest_route=\/wp\/v2\/media\/33360"}],"wp:attachment":[{"href":"https:\/\/radiocresatelital.com\/index.php?rest_route=%2Fwp%2Fv2%2Fmedia&parent=33359"}],"wp:term":[{"taxonomy":"category","embeddable":true,"href":"https:\/\/radiocresatelital.com\/index.php?rest_route=%2Fwp%2Fv2%2Fcategories&post=33359"},{"taxonomy":"post_tag","embeddable":true,"href":"https:\/\/radiocresatelital.com\/index.php?rest_route=%2Fwp%2Fv2%2Ftags&post=33359"}],"curies":[{"name":"wp","href":"https:\/\/api.w.org\/{rel}","templated":true}]}}