{"id":33346,"date":"2025-08-07T21:43:00","date_gmt":"2025-08-07T21:43:00","guid":{"rendered":"https:\/\/radiocresatelital.com\/?p=33346"},"modified":"2025-08-07T21:46:42","modified_gmt":"2025-08-07T21:46:42","slug":"hacia-una-educacion-sin-exclusion-guayaquil-construye-una-cultura-inclusiva","status":"publish","type":"post","link":"https:\/\/radiocresatelital.com\/?p=33346","title":{"rendered":"Hacia una educaci\u00f3n sin exclusi\u00f3n Guayaquil construye una cultura inclusiva"},"content":{"rendered":"<p>Guayaquil.- La educaci\u00f3n inclusiva es una prioridad para el Municipio de Guayaquil, que trabaja por garantizar entornos accesibles y equitativos para ni\u00f1os y ni\u00f1as con discapacidad. A trav\u00e9s de la Direcci\u00f3n de Inclusi\u00f3n Social (DIS), se impulsa el Programa Inclusi\u00f3n Educativa, una iniciativa que busca eliminar barreras y facilitar el desarrollo integral de estudiantes con discapacidad visual, intelectual y psicosocial.<\/p>\n<p>Este programa acompa\u00f1a a los alumnos egresados del servicio de escolaridad del Centro Municipal Cuatro de Enero, brind\u00e1ndoles las herramientas necesarias para participar activamente en el sistema educativo regular. Como parte de su malla curricular, se fortalecen habilidades cognitivas y psicosociales mediante actividades ocupacionales que promueven la autonom\u00eda.<\/p>\n<p>\u201cLa instituci\u00f3n brinda el programa ecol\u00f3gico funcional, esto se refiere a una habilidad que adquieren los chicos para la vida diaria. Desde que tienen tres a\u00f1os, los ni\u00f1os se les va ense\u00f1ando a que ellos sean independientes\u201d, indic\u00f3 la terapeuta \u00c1ngela Morales.<\/p>\n<p>El trabajo articulado con la Red de Integraci\u00f3n para Estudiantes Ciegos (RIPEC), la Unidad Distrital de Apoyo a la Inclusi\u00f3n (UDAI) y m\u00e1s de 40 entidades del sistema educativo regular, ha permitido consolidar una red de apoyo interinstitucional. Esta alianza facilita la capacitaci\u00f3n a docentes, la realizaci\u00f3n de talleres de sensibilizaci\u00f3n y<br \/>\nel asesoramiento t\u00e9cnico necesario para una adecuada adaptaci\u00f3n curricular.<\/p>\n<p>\u201cEl estudiante viene al apoyo pedag\u00f3gico en las diferentes \u00e1reas (lenguaje, matem\u00e1ticas, ciencias naturales, estudios sociales), no a nivelarle, sino a dar esa necesidad donde el ni\u00f1o no tiene las herramientas de c\u00f3mo adaptarle el tema en la escuela regular\u201d, explic\u00f3 Neyci Alarc\u00f3n Villamar, docente del Programa de Escolaridad de la Escuela Cuatro de Enero.<\/p>\n<p>En 2025, el Centro Municipal benefici\u00f3 a 440 usuarios mediante servicios de escolaridad, terapia, inclusi\u00f3n educativa y rehabilitaci\u00f3n b\u00e1sica. Adem\u00e1s, desarroll\u00f3 talleres de sensibilizaci\u00f3n en 92 instituciones educativas, como parte de su compromiso con una comunidad m\u00e1s consciente e inclusiva.<\/p>\n<p>Para 2026, el Cabildo proyecta la implementaci\u00f3n del octavo a\u00f1o de educaci\u00f3n b\u00e1sica, ampliando la cobertura del programa y fortaleciendo su impacto en la formaci\u00f3n de ni\u00f1os y ni\u00f1as con discapacidad.<\/p>\n","protected":false},"excerpt":{"rendered":"<p>Guayaquil.- La educaci\u00f3n inclusiva es una prioridad para el Municipio de Guayaquil, que trabaja por garantizar entornos accesibles y equitativos para ni\u00f1os y ni\u00f1as con discapacidad. A trav\u00e9s de la Direcci\u00f3n de Inclusi\u00f3n Social (DIS), se impulsa el Programa Inclusi\u00f3n Educativa, una iniciativa que busca eliminar barreras y facilitar el desarrollo integral de estudiantes con [&hellip;]<\/p>\n","protected":false},"author":2,"featured_media":19696,"comment_status":"open","ping_status":"closed","sticky":false,"template":"","format":"standard","meta":{"_jetpack_memberships_contains_paid_content":false,"footnotes":""},"categories":[33,13],"tags":[4516,114],"class_list":["post-33346","post","type-post","status-publish","format-standard","has-post-thumbnail","hentry","category-guayaquil","category-noticias-nacionales","tag-direccion-de-inclusion-social","tag-municipio-de-guayaquil"],"jetpack_featured_media_url":"https:\/\/radiocresatelital.com\/wp-content\/uploads\/2024\/10\/bandera-en-la-noche.jpg","jetpack_sharing_enabled":true,"_links":{"self":[{"href":"https:\/\/radiocresatelital.com\/index.php?rest_route=\/wp\/v2\/posts\/33346","targetHints":{"allow":["GET"]}}],"collection":[{"href":"https:\/\/radiocresatelital.com\/index.php?rest_route=\/wp\/v2\/posts"}],"about":[{"href":"https:\/\/radiocresatelital.com\/index.php?rest_route=\/wp\/v2\/types\/post"}],"author":[{"embeddable":true,"href":"https:\/\/radiocresatelital.com\/index.php?rest_route=\/wp\/v2\/users\/2"}],"replies":[{"embeddable":true,"href":"https:\/\/radiocresatelital.com\/index.php?rest_route=%2Fwp%2Fv2%2Fcomments&post=33346"}],"version-history":[{"count":1,"href":"https:\/\/radiocresatelital.com\/index.php?rest_route=\/wp\/v2\/posts\/33346\/revisions"}],"predecessor-version":[{"id":33348,"href":"https:\/\/radiocresatelital.com\/index.php?rest_route=\/wp\/v2\/posts\/33346\/revisions\/33348"}],"wp:featuredmedia":[{"embeddable":true,"href":"https:\/\/radiocresatelital.com\/index.php?rest_route=\/wp\/v2\/media\/19696"}],"wp:attachment":[{"href":"https:\/\/radiocresatelital.com\/index.php?rest_route=%2Fwp%2Fv2%2Fmedia&parent=33346"}],"wp:term":[{"taxonomy":"category","embeddable":true,"href":"https:\/\/radiocresatelital.com\/index.php?rest_route=%2Fwp%2Fv2%2Fcategories&post=33346"},{"taxonomy":"post_tag","embeddable":true,"href":"https:\/\/radiocresatelital.com\/index.php?rest_route=%2Fwp%2Fv2%2Ftags&post=33346"}],"curies":[{"name":"wp","href":"https:\/\/api.w.org\/{rel}","templated":true}]}}