{"id":33343,"date":"2025-08-07T21:38:45","date_gmt":"2025-08-07T21:38:45","guid":{"rendered":"https:\/\/radiocresatelital.com\/?p=33343"},"modified":"2025-08-07T21:38:45","modified_gmt":"2025-08-07T21:38:45","slug":"presidente-de-la-asamblea-entrego-condecoracion-adalberto-ortiz-a-los-hermanos-mino-naranjo","status":"publish","type":"post","link":"https:\/\/radiocresatelital.com\/?p=33343","title":{"rendered":"Presidente de la Asamblea entreg\u00f3 condecoraci\u00f3n \u201cAdalberto Ortiz\u201d a los Hermanos Mi\u00f1o Naranjo"},"content":{"rendered":"<p>Quito.- El Pleno de la Asamblea Nacional, en la sesi\u00f3n N.\u00ba 25, entreg\u00f3 la condecoraci\u00f3n \u201cAdalberto Ortiz\u201d al M\u00e9rito Cultural como muestra de reconocimiento y gratitud del pueblo ecuatoriano a H\u00e9ctor Danilo Mi\u00f1o Naranjo, en cumplimiento de la resoluci\u00f3n de la Legislatura y en atenci\u00f3n a su amplia trayectoria art\u00edstica, tanto a nivel nacional como internacional.<\/p>\n<p>El Acuerdo Legislativo, entregado por el presidente Niels Olsen, se\u00f1ala que la Asamblea Nacional reconoce y condecora a H\u00e9ctor Danilo Mi\u00f1o Naranjo por su trayectoria como voz fundamental del d\u00fao Hermanos Mi\u00f1o Naranjo y por su valioso aporte a la m\u00fasica tradicional ecuatoriana.<\/p>\n<p>Asimismo, mediante Acuerdo Legislativo, se reconoci\u00f3 y condecor\u00f3 p\u00f3stumamente a Luis Eduardo Mi\u00f1o Naranjo, por su invaluable legado musical y cultural, y por su entrega al fortalecimiento de la identidad nacional a trav\u00e9s de la m\u00fasica tradicional ecuatoriana.<\/p>\n<p>Los Hermanos Mi\u00f1o Naranjo nacieron en la ciudad de Ambato y, desde 1958, iniciaron sus presentaciones art\u00edsticas, alcanzando varios reconocimientos nacionales e internacionales, como el obtenido en la II Feria de la Canci\u00f3n Iberoamericana, realizada en Barcelona, Espa\u00f1a, en 1964.<\/p>\n<p>En su repertorio musical se destacan el pasillo y otros g\u00e9neros que han trascendido generaciones, comparti\u00e9ndose y manteni\u00e9ndose vivas las ra\u00edces musicales del Ecuador.<\/p>\n","protected":false},"excerpt":{"rendered":"<p>Quito.- El Pleno de la Asamblea Nacional, en la sesi\u00f3n N.\u00ba 25, entreg\u00f3 la condecoraci\u00f3n \u201cAdalberto Ortiz\u201d al M\u00e9rito Cultural como muestra de reconocimiento y gratitud del pueblo ecuatoriano a H\u00e9ctor Danilo Mi\u00f1o Naranjo, en cumplimiento de la resoluci\u00f3n de la Legislatura y en atenci\u00f3n a su amplia trayectoria art\u00edstica, tanto a nivel nacional como [&hellip;]<\/p>\n","protected":false},"author":2,"featured_media":33344,"comment_status":"open","ping_status":"closed","sticky":false,"template":"","format":"standard","meta":{"_jetpack_memberships_contains_paid_content":false,"footnotes":""},"categories":[13],"tags":[5306,472,5305],"class_list":["post-33343","post","type-post","status-publish","format-standard","has-post-thumbnail","hentry","category-noticias-nacionales","tag-adalberto-ortiz","tag-asamblea-nacional","tag-hector-mino-naranjo"],"jetpack_featured_media_url":"https:\/\/radiocresatelital.com\/wp-content\/uploads\/2025\/08\/whatsapp_image_2025-08-07_at_16.09.46.jpeg","jetpack_sharing_enabled":true,"_links":{"self":[{"href":"https:\/\/radiocresatelital.com\/index.php?rest_route=\/wp\/v2\/posts\/33343","targetHints":{"allow":["GET"]}}],"collection":[{"href":"https:\/\/radiocresatelital.com\/index.php?rest_route=\/wp\/v2\/posts"}],"about":[{"href":"https:\/\/radiocresatelital.com\/index.php?rest_route=\/wp\/v2\/types\/post"}],"author":[{"embeddable":true,"href":"https:\/\/radiocresatelital.com\/index.php?rest_route=\/wp\/v2\/users\/2"}],"replies":[{"embeddable":true,"href":"https:\/\/radiocresatelital.com\/index.php?rest_route=%2Fwp%2Fv2%2Fcomments&post=33343"}],"version-history":[{"count":1,"href":"https:\/\/radiocresatelital.com\/index.php?rest_route=\/wp\/v2\/posts\/33343\/revisions"}],"predecessor-version":[{"id":33345,"href":"https:\/\/radiocresatelital.com\/index.php?rest_route=\/wp\/v2\/posts\/33343\/revisions\/33345"}],"wp:featuredmedia":[{"embeddable":true,"href":"https:\/\/radiocresatelital.com\/index.php?rest_route=\/wp\/v2\/media\/33344"}],"wp:attachment":[{"href":"https:\/\/radiocresatelital.com\/index.php?rest_route=%2Fwp%2Fv2%2Fmedia&parent=33343"}],"wp:term":[{"taxonomy":"category","embeddable":true,"href":"https:\/\/radiocresatelital.com\/index.php?rest_route=%2Fwp%2Fv2%2Fcategories&post=33343"},{"taxonomy":"post_tag","embeddable":true,"href":"https:\/\/radiocresatelital.com\/index.php?rest_route=%2Fwp%2Fv2%2Ftags&post=33343"}],"curies":[{"name":"wp","href":"https:\/\/api.w.org\/{rel}","templated":true}]}}