{"id":33334,"date":"2025-08-07T21:02:45","date_gmt":"2025-08-07T21:02:45","guid":{"rendered":"https:\/\/radiocresatelital.com\/?p=33334"},"modified":"2025-08-07T21:02:45","modified_gmt":"2025-08-07T21:02:45","slug":"el-primer-millon-de-los-nuevos-troles-100-electricos","status":"publish","type":"post","link":"https:\/\/radiocresatelital.com\/?p=33334","title":{"rendered":"El primer mill\u00f3n de los nuevos troles 100% el\u00e9ctricos"},"content":{"rendered":"<p>Quito.- La nueva flota de trolebuses 100% el\u00e9ctricos la sigue rompiendo. En 129 d\u00edas, nuestros 60 titanes recorrieron su primer mill\u00f3n de kil\u00f3metros y movilizaron a 10 millones de pasajeros (pago-viaje) desde su puesta en marcha en dos fases (31 de marzo y 16 de junio, en 73.732 viajes.<\/p>\n<p>La cantidad de pasajeros (pago-viaje) transportados en ese tiempo equivale a movilizar tres veces a cada habitante de Quito. Y, el sistema completo del Troleb\u00fas (85 unidades operativas) ha movilizado a 35,4 millones de pasajeros pago viaje.<\/p>\n<p>Desde el 31 de marzo, 46 unidades sirven en el circuito C1 entre las estaciones de El Labrador y El Recreo, entretanto las 14 unidades que completaron la flota, tras su liberaci\u00f3n por una retenci\u00f3n injusta de la Aduana, empezaron a operar el 16 de junio en los circuitos C4 y C6, que cubren las rutas El Recreo \u2013 La Col\u00f3n y Quitumbe \u2013 El Recreo.<\/p>\n<p><strong>Trole y Ecov\u00eda extender\u00e1n horarios por el festival de mapping<\/strong><br \/>\nEl hito de viajes de las flamantes unidades se logra unos d\u00edas antes de iniciar la operaci\u00f3n especial del Troleb\u00fas y Ecov\u00eda a prop\u00f3sito del festival de mapping \u2018Quito, Luz de Am\u00e9rica\u2019, que se desarrollar\u00e1 en el feriado por el Primer Grito de Independencia.<\/p>\n<p>El festival iluminar\u00e1 la capital durante tres noches, del viernes 8 al domingo 10 de agosto, desde las 19h00 hasta las 23h00, en puntos ic\u00f3nicos del Centro Hist\u00f3rico, por lo que la Empresa de Pasajeros alista una operaci\u00f3n extendida hasta la medianoche, para asegurar el retorno de los espectadores a sus hogares.<\/p>\n<p><strong>Corredor Troleb\u00fas<\/strong><br \/>\nLos intervalos, en el horario extendido hasta las 00h00, ser\u00e1n cada cinco minutos. A partir de las 16h30, el Troleb\u00fas realizar\u00e1 los siguientes giros de retorno, por el cierre del Centro Hist\u00f3rico:<br \/>\nNorte: Estaci\u00f3n El Labrador \u2013 parada El Ejido.<br \/>\nSur: Estaci\u00f3n El Recreo \u2013 parada La Recoleta.<br \/>\nCircuito C6, recorrido habitual, Terminal Quitumbe &#8211; El Recreo.<br \/>\nParadas suspendidas: Cumand\u00e1, Santo Domingo, Plaza Mar\u00edn, Hermano Miguel,<br \/>\nAlameda, Banco Central, Plaza del Teatro, Plaza Chica.<\/p>\n<p><strong>Corredor Ecov\u00eda<\/strong><br \/>\nLa Ecov\u00eda tendr\u00e1 horario extendido hasta las 00h00 locales (05h00 GMT), con intervalos de despacho cada 10 minutos. Estar\u00e1n habilitadas las estaciones Mar\u00edn Central y parada Sim\u00f3n Bol\u00edvar:<br \/>\nNorte: Play\u00f3n de la Mar\u00edn &#8211; Estaci\u00f3n R\u00edo Coca.<br \/>\nSur: Play\u00f3n de la Mar\u00edn &#8211; Terminal Guaman\u00ed.<\/p>\n<p>Los asistentes al festival deben tomar en cuenta las siguientes sugerencias: utilizar ropa abrigada y calzado c\u00f3modo, seguir las rutas establecidas, evitar llevar coches de beb\u00e9, no llevar animales de compa\u00f1\u00eda, llevar su propia botella de agua y botar la basura en los contenedores.<\/p>\n<p><strong>Servicio del lunes 11 de agosto<\/strong><br \/>\nEn el \u00faltimo d\u00eda del feriado, el servicio del Troleb\u00fas y Ecov\u00eda ser\u00e1 de 06h00 a 20h00 locales (11h00 a 01h00 GMT), mientras que los alimentadores funcionar\u00e1n desde las 06h00 hasta las 20h30 locales (11h00 a 01h30 GMT).<\/p>\n","protected":false},"excerpt":{"rendered":"<p>Quito.- La nueva flota de trolebuses 100% el\u00e9ctricos la sigue rompiendo. En 129 d\u00edas, nuestros 60 titanes recorrieron su primer mill\u00f3n de kil\u00f3metros y movilizaron a 10 millones de pasajeros (pago-viaje) desde su puesta en marcha en dos fases (31 de marzo y 16 de junio, en 73.732 viajes. La cantidad de pasajeros (pago-viaje) transportados [&hellip;]<\/p>\n","protected":false},"author":2,"featured_media":33335,"comment_status":"open","ping_status":"closed","sticky":false,"template":"","format":"standard","meta":{"_jetpack_memberships_contains_paid_content":false,"footnotes":""},"categories":[13],"tags":[5302],"class_list":["post-33334","post","type-post","status-publish","format-standard","has-post-thumbnail","hentry","category-noticias-nacionales","tag-trolebuses"],"jetpack_featured_media_url":"https:\/\/radiocresatelital.com\/wp-content\/uploads\/2025\/08\/WhatsApp-Image-2025-08-07-at-13.39.51.jpeg","jetpack_sharing_enabled":true,"_links":{"self":[{"href":"https:\/\/radiocresatelital.com\/index.php?rest_route=\/wp\/v2\/posts\/33334","targetHints":{"allow":["GET"]}}],"collection":[{"href":"https:\/\/radiocresatelital.com\/index.php?rest_route=\/wp\/v2\/posts"}],"about":[{"href":"https:\/\/radiocresatelital.com\/index.php?rest_route=\/wp\/v2\/types\/post"}],"author":[{"embeddable":true,"href":"https:\/\/radiocresatelital.com\/index.php?rest_route=\/wp\/v2\/users\/2"}],"replies":[{"embeddable":true,"href":"https:\/\/radiocresatelital.com\/index.php?rest_route=%2Fwp%2Fv2%2Fcomments&post=33334"}],"version-history":[{"count":1,"href":"https:\/\/radiocresatelital.com\/index.php?rest_route=\/wp\/v2\/posts\/33334\/revisions"}],"predecessor-version":[{"id":33336,"href":"https:\/\/radiocresatelital.com\/index.php?rest_route=\/wp\/v2\/posts\/33334\/revisions\/33336"}],"wp:featuredmedia":[{"embeddable":true,"href":"https:\/\/radiocresatelital.com\/index.php?rest_route=\/wp\/v2\/media\/33335"}],"wp:attachment":[{"href":"https:\/\/radiocresatelital.com\/index.php?rest_route=%2Fwp%2Fv2%2Fmedia&parent=33334"}],"wp:term":[{"taxonomy":"category","embeddable":true,"href":"https:\/\/radiocresatelital.com\/index.php?rest_route=%2Fwp%2Fv2%2Fcategories&post=33334"},{"taxonomy":"post_tag","embeddable":true,"href":"https:\/\/radiocresatelital.com\/index.php?rest_route=%2Fwp%2Fv2%2Ftags&post=33334"}],"curies":[{"name":"wp","href":"https:\/\/api.w.org\/{rel}","templated":true}]}}