{"id":33307,"date":"2025-08-07T20:07:52","date_gmt":"2025-08-07T20:07:52","guid":{"rendered":"https:\/\/radiocresatelital.com\/?p=33307"},"modified":"2025-08-07T20:07:52","modified_gmt":"2025-08-07T20:07:52","slug":"presidente-daniel-noboa-fortalece-el-sistema-penitenciario-entrego-mas-de-4-000-chalecos-de-proteccion-balistica-y-uniformes-para-guias","status":"publish","type":"post","link":"https:\/\/radiocresatelital.com\/?p=33307","title":{"rendered":"Presidente Daniel Noboa fortalece el sistema penitenciario: Entreg\u00f3 m\u00e1s de 4.000 chalecos de protecci\u00f3n bal\u00edstica y uniformes para gu\u00edas"},"content":{"rendered":"<p>Guayaquil. \u2013 El Gobierno Nacional fortalece las capacidades operativas del Servicio Nacional de Atenci\u00f3n Integral a Personas Adultas Privadas de la Libertad y a Adolescentes Infractores (SNAI). El presidente Daniel Noboa entreg\u00f3 a la instituci\u00f3n 4.012 chalecos de protecci\u00f3n bal\u00edstica y 2.838 uniformes para las y los servidores de seguridad y vigilancia penitenciaria. El evento se realiz\u00f3 hoy 7 de agosto de 2025, desde Guayaquil.<\/p>\n<p>Noboa reiter\u00f3 que su gobierno estabiliz\u00f3 y logr\u00f3 la pacificaci\u00f3n de los centros penitenciarios gracias al trabajo de las fuerzas del orden. Por eso, prioriza la protecci\u00f3n al cuerpo de vigilancia penitenciaria, con la entrega de los chalecos y uniformes, y la mejora de sus condiciones laborales: \u201cPor a\u00f1os pidieron ser tomados en cuenta y tengan la seguridad de que el gobierno los escucha. No vamos a permitir que trabajen sin herramientas necesarias para resguardar su vida e integridad\u201d, expres\u00f3.<\/p>\n<p>Los chalecos de protecci\u00f3n bal\u00edstica en niveles III y IIIA entregados hoy constituyen una medida estrat\u00e9gica para garantizar la seguridad f\u00edsica del personal frente a amenazas armadas en entornos de alta tensi\u00f3n. Ambos cuentan con los est\u00e1ndares de National Institute of Hostile garantizando una adecuada absorci\u00f3n de la energ\u00eda cin\u00e9tica y minimizando el trauma contuso.<\/p>\n<p>Por ejemplo, el nivel III A es ideal para las labores diarias en los centros de privaci\u00f3n de libertad ofreciendo protecci\u00f3n eficaz contra proyectiles de arma corta sin comprometer la movilidad ni la discreci\u00f3n operativa. Su sistema anticorte reduce la exposici\u00f3n al riesgo de ataques con armas blancas permitiendo a los servidores desempe\u00f1arse con mayor seguridad en su rutina.<\/p>\n<p><img decoding=\"async\" src=\"https:\/\/www.comunicacion.gob.ec\/wp-content\/uploads\/2025\/08\/PRESIDENTE-NOBOA-FORTALECE-EL-SISTEMA-PENITENCIARIO.jpeg\" alt=\"Noticias \u2013 Secretar\u00eda General de Comunicaci\u00f3n de la Presidencia\" \/><br \/>\nPor su parte, los chalecos nivel III equipados con placas r\u00edgidas capaces de detener municiones de fusil est\u00e1n destinados a unidades especiales para intervenciones t\u00e1cticas, traslados de alto riesgo o situaciones de mot\u00edn donde es probable la exposici\u00f3n a armamentos de mayor letalidad.<\/p>\n<p>Adem\u00e1s, los uniformes actuales incorporan un c\u00f3digo QR que identifica al propietario, lo que minimiza el riesgo de sustracci\u00f3n o uso indebido por parte de las zonas externas a la instituci\u00f3n explic\u00f3 el titular del SNAI, Mauricio Mayorga.<\/p>\n<p>Por su parte, el ministro del Interior, John Reimberg, reiter\u00f3 que el equipamiento al SNAI es un mensaje claro del Estado ecuatoriano y del gobierno: no se retroceder\u00e1 ni un solo paso en la lucha contra el crimen organizado.<\/p>\n<p>\u201cHemos dado pasos concretos hacia una institucionalidad que no tolere la corrupci\u00f3n, que no ceda ante la presi\u00f3n del crimen y que act\u00fae con firmeza para recuperar el control y la dignidad de nuestras c\u00e1rceles\u201d.<\/p>\n<p>El Jefe de Estado reiter\u00f3 que el gobierno seguir\u00e1 cuidando a quienes ponen orden en las c\u00e1rceles. A su vez, mencion\u00f3 que defender\u00e1 el poder del pueblo: \u201cPasaremos nuestro grito de protesta el 12 de agosto contra quienes se oponen a la paz, y nos tiran abajo las leyes aprobadas para derrotar a la corrupci\u00f3n y al terrorismo\u201d. Agreg\u00f3 que la consulta popular propuesta desde el Ejecutivo blindar\u00e1 la seguridad, crear\u00e1 empleo y proteger\u00e1 a la ciudadan\u00eda.<\/p>\n","protected":false},"excerpt":{"rendered":"<p>Guayaquil. \u2013 El Gobierno Nacional fortalece las capacidades operativas del Servicio Nacional de Atenci\u00f3n Integral a Personas Adultas Privadas de la Libertad y a Adolescentes Infractores (SNAI). El presidente Daniel Noboa entreg\u00f3 a la instituci\u00f3n 4.012 chalecos de protecci\u00f3n bal\u00edstica y 2.838 uniformes para las y los servidores de seguridad y vigilancia penitenciaria. El evento [&hellip;]<\/p>\n","protected":false},"author":2,"featured_media":33308,"comment_status":"open","ping_status":"closed","sticky":false,"template":"","format":"standard","meta":{"_jetpack_memberships_contains_paid_content":false,"footnotes":""},"categories":[13],"tags":[157,1322,368],"class_list":["post-33307","post","type-post","status-publish","format-standard","has-post-thumbnail","hentry","category-noticias-nacionales","tag-gobierno-nacional","tag-presidente-daniel-noboa","tag-snai"],"jetpack_featured_media_url":"https:\/\/radiocresatelital.com\/wp-content\/uploads\/2025\/08\/54706190779_5a1bdd2cb3_c.jpg","jetpack_sharing_enabled":true,"_links":{"self":[{"href":"https:\/\/radiocresatelital.com\/index.php?rest_route=\/wp\/v2\/posts\/33307","targetHints":{"allow":["GET"]}}],"collection":[{"href":"https:\/\/radiocresatelital.com\/index.php?rest_route=\/wp\/v2\/posts"}],"about":[{"href":"https:\/\/radiocresatelital.com\/index.php?rest_route=\/wp\/v2\/types\/post"}],"author":[{"embeddable":true,"href":"https:\/\/radiocresatelital.com\/index.php?rest_route=\/wp\/v2\/users\/2"}],"replies":[{"embeddable":true,"href":"https:\/\/radiocresatelital.com\/index.php?rest_route=%2Fwp%2Fv2%2Fcomments&post=33307"}],"version-history":[{"count":1,"href":"https:\/\/radiocresatelital.com\/index.php?rest_route=\/wp\/v2\/posts\/33307\/revisions"}],"predecessor-version":[{"id":33309,"href":"https:\/\/radiocresatelital.com\/index.php?rest_route=\/wp\/v2\/posts\/33307\/revisions\/33309"}],"wp:featuredmedia":[{"embeddable":true,"href":"https:\/\/radiocresatelital.com\/index.php?rest_route=\/wp\/v2\/media\/33308"}],"wp:attachment":[{"href":"https:\/\/radiocresatelital.com\/index.php?rest_route=%2Fwp%2Fv2%2Fmedia&parent=33307"}],"wp:term":[{"taxonomy":"category","embeddable":true,"href":"https:\/\/radiocresatelital.com\/index.php?rest_route=%2Fwp%2Fv2%2Fcategories&post=33307"},{"taxonomy":"post_tag","embeddable":true,"href":"https:\/\/radiocresatelital.com\/index.php?rest_route=%2Fwp%2Fv2%2Ftags&post=33307"}],"curies":[{"name":"wp","href":"https:\/\/api.w.org\/{rel}","templated":true}]}}