{"id":33304,"date":"2025-08-07T19:34:03","date_gmt":"2025-08-07T19:34:03","guid":{"rendered":"https:\/\/radiocresatelital.com\/?p=33304"},"modified":"2025-08-07T19:34:03","modified_gmt":"2025-08-07T19:34:03","slug":"el-sabor-de-guayaquil-conquista-a-sus-visitantes","status":"publish","type":"post","link":"https:\/\/radiocresatelital.com\/?p=33304","title":{"rendered":"El sabor de Guayaquil conquista a sus visitantes"},"content":{"rendered":"<p>Guayaquil.- La Perla del Pac\u00edfico no solo se visita, se vive. Entre abril y junio de 2025, la ciudad registr\u00f3 602.247 visitantes, lo que representa un incremento del 5,3% frente al primer trimestre del a\u00f1o. De ese total, 484.339 fueron turistas (personas que pernoctaron al menos una noche) y 117.908 excursionistas, un dato que refleja una tendencia clara hacia estad\u00edas m\u00e1s prolongadas. La proporci\u00f3n de turistas pas\u00f3 del 73% al 80%, consolidando a Guayaquil como un destino donde cada d\u00eda vale la pena.<\/p>\n<p>Este crecimiento sostenido no es casualidad. Responde a una ciudad que ha decidido apostar por su autenticidad, por su agenda viva y por hacer del turismo una causa com\u00fan. Cada semana, espacios emblem\u00e1ticos se transforman en escenarios para eventos culturales, art\u00edsticos, gastron\u00f3micos y recreativos, impulsados desde la gesti\u00f3n municipal con una visi\u00f3n clara: que Guayaquil brille, se disfrute y se recomiende.<\/p>\n<p>El Malec\u00f3n Sim\u00f3n Bol\u00edvar, la calle Panam\u00e1, el Parque Seminario, el Cerro Santa Ana y Las Pe\u00f1as lideran la lista de lugares m\u00e1s visitados, reflejo de una urbe que ha sabido convertir sus \u00edconos en experiencias. A esto se suma una gastronom\u00eda que seduce al paladar y cuenta historias, donde el encebollado se mantiene como el plato m\u00e1s buscado, seguido del ceviche de camar\u00f3n y el arroz con menestra y carne, tan guayaco como el calor de su gente.<\/p>\n<p><img decoding=\"async\" class=\"aligncenter\" src=\"https:\/\/guayaquil.gob.ec\/wp-content\/uploads\/2025\/08\/sabor-guayaquil-conquista-visitantes2.jpg\" alt=\"El sabor de Guayaquil conquista a sus visitantes \u2013 Alcald\u00eda de Guayaquil\" \/><br \/>\n\u201cLo que hemos podido percibir del turista cuando llegan es hacer una b\u00fasqueda de lo que pueden comer en Guayaquil y obviamente el encebollado est\u00e1 en el n\u00famero uno, nuestro ceviche de camar\u00f3n y el arroz con menestra tambi\u00e9n son apetecidos. Esta es una ciudad como gran ciudad del mundo que tiene varias opciones y para todos los gustos en gastronom\u00eda\u201d, mencion\u00f3 la directora de Turismo y Eventos Especiales, Tahiz Panus.<\/p>\n<p>Guayaquil avanza con la convicci\u00f3n de que el turismo va m\u00e1s all\u00e1 de los n\u00fameros. Es identidad, orgullo compartido y un reflejo de comunidad. Cada visitante que cruza sus calles es una oportunidad para mostrar lo que somos y lo que aspiramos a ser: una ciudad que enamora, sorprende y deja huella.<\/p>\n","protected":false},"excerpt":{"rendered":"<p>Guayaquil.- La Perla del Pac\u00edfico no solo se visita, se vive. Entre abril y junio de 2025, la ciudad registr\u00f3 602.247 visitantes, lo que representa un incremento del 5,3% frente al primer trimestre del a\u00f1o. De ese total, 484.339 fueron turistas (personas que pernoctaron al menos una noche) y 117.908 excursionistas, un dato que refleja [&hellip;]<\/p>\n","protected":false},"author":2,"featured_media":33305,"comment_status":"open","ping_status":"closed","sticky":false,"template":"","format":"standard","meta":{"_jetpack_memberships_contains_paid_content":false,"footnotes":""},"categories":[13],"tags":[26],"class_list":["post-33304","post","type-post","status-publish","format-standard","has-post-thumbnail","hentry","category-noticias-nacionales","tag-guayaquil"],"jetpack_featured_media_url":"https:\/\/radiocresatelital.com\/wp-content\/uploads\/2025\/08\/sabor-guayaquil-conquista-visitantes1.jpg","jetpack_sharing_enabled":true,"_links":{"self":[{"href":"https:\/\/radiocresatelital.com\/index.php?rest_route=\/wp\/v2\/posts\/33304","targetHints":{"allow":["GET"]}}],"collection":[{"href":"https:\/\/radiocresatelital.com\/index.php?rest_route=\/wp\/v2\/posts"}],"about":[{"href":"https:\/\/radiocresatelital.com\/index.php?rest_route=\/wp\/v2\/types\/post"}],"author":[{"embeddable":true,"href":"https:\/\/radiocresatelital.com\/index.php?rest_route=\/wp\/v2\/users\/2"}],"replies":[{"embeddable":true,"href":"https:\/\/radiocresatelital.com\/index.php?rest_route=%2Fwp%2Fv2%2Fcomments&post=33304"}],"version-history":[{"count":1,"href":"https:\/\/radiocresatelital.com\/index.php?rest_route=\/wp\/v2\/posts\/33304\/revisions"}],"predecessor-version":[{"id":33306,"href":"https:\/\/radiocresatelital.com\/index.php?rest_route=\/wp\/v2\/posts\/33304\/revisions\/33306"}],"wp:featuredmedia":[{"embeddable":true,"href":"https:\/\/radiocresatelital.com\/index.php?rest_route=\/wp\/v2\/media\/33305"}],"wp:attachment":[{"href":"https:\/\/radiocresatelital.com\/index.php?rest_route=%2Fwp%2Fv2%2Fmedia&parent=33304"}],"wp:term":[{"taxonomy":"category","embeddable":true,"href":"https:\/\/radiocresatelital.com\/index.php?rest_route=%2Fwp%2Fv2%2Fcategories&post=33304"},{"taxonomy":"post_tag","embeddable":true,"href":"https:\/\/radiocresatelital.com\/index.php?rest_route=%2Fwp%2Fv2%2Ftags&post=33304"}],"curies":[{"name":"wp","href":"https:\/\/api.w.org\/{rel}","templated":true}]}}