{"id":33300,"date":"2025-08-07T19:10:55","date_gmt":"2025-08-07T19:10:55","guid":{"rendered":"https:\/\/radiocresatelital.com\/?p=33300"},"modified":"2025-08-07T19:11:34","modified_gmt":"2025-08-07T19:11:34","slug":"el-tiempo-guardo-las-ideas-de-olmedo-plasmadas-en-un-manuscrito-hallado-en-la-biblioteca-municipal","status":"publish","type":"post","link":"https:\/\/radiocresatelital.com\/?p=33300","title":{"rendered":"El tiempo guard\u00f3 las ideas de Olmedo plasmadas en un manuscrito hallado en la Biblioteca Municipal"},"content":{"rendered":"<p>Guayaquil.- Letras y n\u00fameros ocultos salieron a la luz durante una inspecci\u00f3n reciente al archivo hist\u00f3rico de la Biblioteca Municipal de Guayaquil. Investigadores descubrieron un manuscrito in\u00e9dito de Jos\u00e9 Joaqu\u00edn de Olmedo, escrito a mano hace m\u00e1s de dos siglos, que contiene una versi\u00f3n original del poema La victoria de Jun\u00edn: Canto a Bol\u00edvar.<\/p>\n<p>Se trata de un cuaderno de 37 p\u00e1ginas que incluye el poema completo y 20 anotaciones personales a\u00f1adidas por el propio Olmedo. Aunque el documento no est\u00e1 fechado, al colocarlo a contraluz apareci\u00f3 una marca de agua con la inscripci\u00f3n \u201cHARRIS 1811\u201d, correspondiente al fabricante y al a\u00f1o de elaboraci\u00f3n del papel.<\/p>\n<p>El hallazgo cobra especial relevancia porque, seg\u00fan Xavier Flores, asesor del Municipio de Guayaquil, el texto corresponder\u00eda a la primera versi\u00f3n del poema, escrita en 1825: \u201cSe puede llegar a conclusiones bastante fidedignas (\u2026) incluso por el n\u00famero de estrofas que tiene la obra, lo que hace pensar que no se trata de la versi\u00f3n corregida, publicada en 1826, sino de la versi\u00f3n original de 1825\u201d.<\/p>\n<p><img decoding=\"async\" class=\"aligncenter\" src=\"https:\/\/guayaquil.gob.ec\/wp-content\/uploads\/2025\/08\/tiempo-guardo-ideas-olmedo-plasmadas-manuscrito-hallado-biblioteca-municipal1.jpg\" alt=\"El tiempo guard\u00f3 las ideas de Olmedo plasmadas en un manuscrito hallado en la Biblioteca Municipal \u2013 Alcald\u00eda de Guayaquil\" \/><br \/>\nLas similitudes caligr\u00e1ficas con 20 cartas in\u00e9ditas de Olmedo (tambi\u00e9n bajo custodia del Municipio a trav\u00e9s de la Direcci\u00f3n de Patrimonio Cultural) refuerzan la autenticidad del manuscrito. El fondo hist\u00f3rico municipal conserva adem\u00e1s ediciones posteriores del poema, entre ellas una impresa en Londres (1826), otra en Par\u00eds (1826) y una tercera publicada en 1853.<\/p>\n<p>En el marco del bicentenario de su primera publicaci\u00f3n, la Biblioteca Municipal inaugur\u00f3 una exposici\u00f3n con m\u00e1s de una docena de obras que destacan la huella de Olmedo en la historia latinoamericana. Paralelamente, el Concejo Cantonal conoci\u00f3 el calendario de actividades para exaltar el legado del ilustre poeta y l\u00edder de la Independencia de<br \/>\nGuayaquil.<\/p>\n","protected":false},"excerpt":{"rendered":"<p>Guayaquil.- Letras y n\u00fameros ocultos salieron a la luz durante una inspecci\u00f3n reciente al archivo hist\u00f3rico de la Biblioteca Municipal de Guayaquil. Investigadores descubrieron un manuscrito in\u00e9dito de Jos\u00e9 Joaqu\u00edn de Olmedo, escrito a mano hace m\u00e1s de dos siglos, que contiene una versi\u00f3n original del poema La victoria de Jun\u00edn: Canto a Bol\u00edvar. Se [&hellip;]<\/p>\n","protected":false},"author":2,"featured_media":33301,"comment_status":"open","ping_status":"closed","sticky":false,"template":"","format":"standard","meta":{"_jetpack_memberships_contains_paid_content":false,"footnotes":""},"categories":[33,13],"tags":[2042],"class_list":["post-33300","post","type-post","status-publish","format-standard","has-post-thumbnail","hentry","category-guayaquil","category-noticias-nacionales","tag-biblioteca-municipal-de-guayaquil"],"jetpack_featured_media_url":"https:\/\/radiocresatelital.com\/wp-content\/uploads\/2025\/08\/tiempo-guardo-ideas-olmedo-plasmadas-manuscrito-hallado-biblioteca-municipal2.jpg","jetpack_sharing_enabled":true,"_links":{"self":[{"href":"https:\/\/radiocresatelital.com\/index.php?rest_route=\/wp\/v2\/posts\/33300","targetHints":{"allow":["GET"]}}],"collection":[{"href":"https:\/\/radiocresatelital.com\/index.php?rest_route=\/wp\/v2\/posts"}],"about":[{"href":"https:\/\/radiocresatelital.com\/index.php?rest_route=\/wp\/v2\/types\/post"}],"author":[{"embeddable":true,"href":"https:\/\/radiocresatelital.com\/index.php?rest_route=\/wp\/v2\/users\/2"}],"replies":[{"embeddable":true,"href":"https:\/\/radiocresatelital.com\/index.php?rest_route=%2Fwp%2Fv2%2Fcomments&post=33300"}],"version-history":[{"count":2,"href":"https:\/\/radiocresatelital.com\/index.php?rest_route=\/wp\/v2\/posts\/33300\/revisions"}],"predecessor-version":[{"id":33303,"href":"https:\/\/radiocresatelital.com\/index.php?rest_route=\/wp\/v2\/posts\/33300\/revisions\/33303"}],"wp:featuredmedia":[{"embeddable":true,"href":"https:\/\/radiocresatelital.com\/index.php?rest_route=\/wp\/v2\/media\/33301"}],"wp:attachment":[{"href":"https:\/\/radiocresatelital.com\/index.php?rest_route=%2Fwp%2Fv2%2Fmedia&parent=33300"}],"wp:term":[{"taxonomy":"category","embeddable":true,"href":"https:\/\/radiocresatelital.com\/index.php?rest_route=%2Fwp%2Fv2%2Fcategories&post=33300"},{"taxonomy":"post_tag","embeddable":true,"href":"https:\/\/radiocresatelital.com\/index.php?rest_route=%2Fwp%2Fv2%2Ftags&post=33300"}],"curies":[{"name":"wp","href":"https:\/\/api.w.org\/{rel}","templated":true}]}}