{"id":33181,"date":"2025-08-05T18:16:55","date_gmt":"2025-08-05T18:16:55","guid":{"rendered":"https:\/\/radiocresatelital.com\/?p=33181"},"modified":"2025-08-06T02:20:26","modified_gmt":"2025-08-06T02:20:26","slug":"cerveceria-nacional-firma-alianza-con-la-caf-para-impulsar-la-inclusion-financiera-y-digitalizacion-de-pequenos-empresarios-en-america-latina","status":"publish","type":"post","link":"https:\/\/radiocresatelital.com\/?p=33181","title":{"rendered":"Cervecer\u00eda Nacional firma alianza con la CAF para impulsar la inclusi\u00f3n financiera y digitalizaci\u00f3n de peque\u00f1os empresarios en Am\u00e9rica Latina"},"content":{"rendered":"<p>Quito.- En el marco de la carta de intenci\u00f3n firmada entre el Banco de Desarrollo de Am\u00e9rica Latina y el Caribe (CAF) y las cerveceras Cervecer\u00eda Nacional (Ecuador), Bavaria (Colombia) y Backus (Per\u00fa) se anunci\u00f3 el compromiso de liderar la implementaci\u00f3n de una alianza regional orientada a promover la inclusi\u00f3n financiera y acelerar la digitalizaci\u00f3n de los tenderos y emprendedores del Canal Tradicional.<\/p>\n<p>Este esfuerzo conjunto busca generar capacidades empresariales sostenibles en peque\u00f1os negocios de barrio, a trav\u00e9s de programas de formaci\u00f3n, acceso a herramientas digitales y modelos de financiamiento adaptados a su realidad. La iniciativa se consolida como una apuesta estrat\u00e9gica para dinamizar la base productiva del pa\u00eds, cerrar brechas de acceso al sistema financiero y escalar modelos de desarrollo econ\u00f3mico con impacto local.<\/p>\n<p>La primera etapa del acuerdo contempla la realizaci\u00f3n de un diagn\u00f3stico integral que permita entender en profundidad las caracter\u00edsticas, desaf\u00edos y oportunidades de estos micronegocios en t\u00e9rminos de capacidades financieras, uso de herramientas digitales y acceso a servicios financieros formales. A partir de este an\u00e1lisis, se dise\u00f1ar\u00e1n soluciones espec\u00edficas que respondan a su contexto con el objetivo de mejorar sus ingresos, aumentar su productividad y reducir las brechas socio-econ\u00f3micas estructurales en este segmento.<\/p>\n<p>Sergio D\u00edaz-Granados, presidente ejecutivo de CAF, destac\u00f3: \u201cdesde CAF creemos firmemente que la inclusi\u00f3n financiera es una buena herramienta para cerrar brechas estructurales y promover el crecimiento sostenible. Esta alianza con Bavaria, Cervecer\u00eda Nacional y Backus, nos permitir\u00e1 impactar en la inclusi\u00f3n financiera y digital de miles de micro y peque\u00f1os negocios en la regi\u00f3n, avanzando al mismo tiempo en la construcci\u00f3n de soluciones innovadoras que respondan a las realidades de los emprendedores latinoamericanos, especialmente aquellos que han estado excluidos del sistema financiero\u201d.<\/p>\n<p>Dentro de los pilares de la alianza se contempla el dise\u00f1o de soluciones de educaci\u00f3n financiera, la inclusi\u00f3n activa en la econom\u00eda digital y financiera, y la articulaci\u00f3n con instituciones p\u00fablicas, privadas y fintechs para facilitar el acceso a productos como cr\u00e9dito, ahorro, inversi\u00f3n y mecanismos orientados a la protecci\u00f3n en la etapa de jubilaci\u00f3n.<\/p>\n<p>Desde CAF, esta alianza se enmarca en su estrategia institucional de promover un desarrollo m\u00e1s inclusivo y sostenible en Am\u00e9rica Latina y el Caribe. La instituci\u00f3n ha priorizado el dise\u00f1o de programas de inclusi\u00f3n y educaci\u00f3n financiera, as\u00ed como la transformaci\u00f3n digital de segmentos vulnerables, como lo son las microempresas de la regi\u00f3n.<\/p>\n<p>La industria cervecera: un movilizador socioecon\u00f3mico para Latinoam\u00e9rica<\/p>\n<p>Oxford Economics, la firma de asesor\u00eda econ\u00f3mica independiente m\u00e1s importante del mundo, y la World Brewing Alliance (WBA) realizaron la tercera edici\u00f3n del \u2018Beer\u00b4s Global Economic Footprint\u2019, el estudio que analiza el impacto econ\u00f3mico de la industria cervecera a nivel global.<\/p>\n<p>El estudio muestra que en 2023 la industria cervecera aport\u00f3 US$88.700 millones al PIB regional, representado en un aporte del 1,3%. En el Ecuador, la industria cervecera aporta con 1,8% del PIB nacional. Este impacto se distribuye en dos bloques: las compa\u00f1\u00edas cerveceras, que aportaron el 65% del total, y la cadena de valor extendida, que incluye distribuidores, minoristas y establecimientos de hospitalidad, que ofrecen servicios de alojamiento, alimentaci\u00f3n, bebidas, entretenimiento, viajes y turismo, cuyo aporte sum\u00f3 el 35% del impacto.<\/p>\n<p>Adicionalmente, la industria gener\u00f3 3.9 millones de empleos en la regi\u00f3n, equivalente al 1.4% de los empleos en estas econom\u00edas diversas. En t\u00e9rminos fiscales, gener\u00f3 US$58.9 millones en impuestos, de los cuales el 63% provienen del consumo de cerveza. \u201cEste an\u00e1lisis demuestra el papel crucial de la cerveza en las econom\u00edas latinoamericanas. La industria no solo crea empleos, sino que impulsa ingresos fiscales y desarrollo econ\u00f3mico\u201d, destac\u00f3 Tania Ramos, directora ejecutiva de Cerveceros Latinoamericanos.<\/p>\n<p><strong>El caso de Cervecer\u00eda Nacional<\/strong><\/p>\n<p>En Ecuador los negocios que nacen en los barrios son parte de la identidad local y un pilar clave para el desarrollo econ\u00f3mico. Tiendas, minimercados, bares y restaurantes dinamizan el comercio en las comunidades, generan empleo y aportan al bienestar de miles de familias. Este tipo de establecimientos hacen parte del Canal Tradicional que, seg\u00fan cifras de la Confederaci\u00f3n de Restaurantes del Ecuador (Corec) y la Asociaci\u00f3n de Cerveceros Artesanales del Ecuador (Asocerv), lo integran m\u00e1s de 47.000 negocios, y emplean a cerca de 300.000 personas en todo el territorio nacional.<\/p>\n<p>En este sentido Cervecer\u00eda Nacional, la cervecera l\u00edder en el pa\u00eds, ha liderado este compromiso con este sector desde el 2023. Con su programa \u2018Emprendedores CN\u2019 ha logrado beneficiar a m\u00e1s de 5.000 tenderos y tenderas, consolidando un modelo integral de formaci\u00f3n, digitalizaci\u00f3n e inclusi\u00f3n financiera para los micronegocios del pa\u00eds. A la fecha, el programa ha demostrado efectividad, con resultados que muestran un incremento en los ingresos diarios de los participantes. Con esta experiencia, se han identificado la inclusi\u00f3n financiera y la digitalizaci\u00f3n como determinantes de crecimiento.<\/p>\n","protected":false},"excerpt":{"rendered":"<p>Quito.- En el marco de la carta de intenci\u00f3n firmada entre el Banco de Desarrollo de Am\u00e9rica Latina y el Caribe (CAF) y las cerveceras Cervecer\u00eda Nacional (Ecuador), Bavaria (Colombia) y Backus (Per\u00fa) se anunci\u00f3 el compromiso de liderar la implementaci\u00f3n de una alianza regional orientada a promover la inclusi\u00f3n financiera y acelerar la digitalizaci\u00f3n [&hellip;]<\/p>\n","protected":false},"author":2,"featured_media":33182,"comment_status":"open","ping_status":"closed","sticky":false,"template":"","format":"standard","meta":{"_jetpack_memberships_contains_paid_content":false,"footnotes":""},"categories":[13],"tags":[3157,1064],"class_list":["post-33181","post","type-post","status-publish","format-standard","has-post-thumbnail","hentry","category-noticias-nacionales","tag-banco-de-desarrollo-de-america-latina-y-el-caribe","tag-cerveceria-nacional"],"jetpack_featured_media_url":"https:\/\/radiocresatelital.com\/wp-content\/uploads\/2025\/08\/Foto-BP.jpg","jetpack_sharing_enabled":true,"_links":{"self":[{"href":"https:\/\/radiocresatelital.com\/index.php?rest_route=\/wp\/v2\/posts\/33181","targetHints":{"allow":["GET"]}}],"collection":[{"href":"https:\/\/radiocresatelital.com\/index.php?rest_route=\/wp\/v2\/posts"}],"about":[{"href":"https:\/\/radiocresatelital.com\/index.php?rest_route=\/wp\/v2\/types\/post"}],"author":[{"embeddable":true,"href":"https:\/\/radiocresatelital.com\/index.php?rest_route=\/wp\/v2\/users\/2"}],"replies":[{"embeddable":true,"href":"https:\/\/radiocresatelital.com\/index.php?rest_route=%2Fwp%2Fv2%2Fcomments&post=33181"}],"version-history":[{"count":1,"href":"https:\/\/radiocresatelital.com\/index.php?rest_route=\/wp\/v2\/posts\/33181\/revisions"}],"predecessor-version":[{"id":33183,"href":"https:\/\/radiocresatelital.com\/index.php?rest_route=\/wp\/v2\/posts\/33181\/revisions\/33183"}],"wp:featuredmedia":[{"embeddable":true,"href":"https:\/\/radiocresatelital.com\/index.php?rest_route=\/wp\/v2\/media\/33182"}],"wp:attachment":[{"href":"https:\/\/radiocresatelital.com\/index.php?rest_route=%2Fwp%2Fv2%2Fmedia&parent=33181"}],"wp:term":[{"taxonomy":"category","embeddable":true,"href":"https:\/\/radiocresatelital.com\/index.php?rest_route=%2Fwp%2Fv2%2Fcategories&post=33181"},{"taxonomy":"post_tag","embeddable":true,"href":"https:\/\/radiocresatelital.com\/index.php?rest_route=%2Fwp%2Fv2%2Ftags&post=33181"}],"curies":[{"name":"wp","href":"https:\/\/api.w.org\/{rel}","templated":true}]}}