{"id":3307,"date":"2023-08-28T18:09:07","date_gmt":"2023-08-28T18:09:07","guid":{"rendered":"https:\/\/radiocresatelital.com\/?p=3307"},"modified":"2023-08-28T20:05:14","modified_gmt":"2023-08-28T20:05:14","slug":"argentina-muere-fiscal-de-caso-panama-papers","status":"publish","type":"post","link":"https:\/\/radiocresatelital.com\/?p=3307","title":{"rendered":"Argentina: Muere Fiscal de caso Panam\u00e1 Papers"},"content":{"rendered":"<p>Buenos Aires.- El fiscal Jos\u00e9 Federico Delgado, investigador en Argentina en el caso Panam\u00e1 Papers y otros emblem\u00e1ticos casos de corrupci\u00f3n, falleci\u00f3 este domingo, 27 de agosto del 2023. El Ministerio P\u00fablico Fiscal argentino envi\u00f3 sus \u00abcondolencias a familiares, amigos y colaboradores\u00bb en un comunicado.<\/p>\n<p>El abogado y licenciado en Ciencias Pol\u00edticas, que se caracterizaba por ir a trabajar en bicicleta y vestirse de jeans y remera negra, se encontraba de licencia por enfermedad desde el 13 de julio pasado.<\/p>\n<div class=\"code-block code-block-9\">\n<div id=\"box1_ad\" data-google-query-id=\"CIGxutb0_4ADFQKYgwgddfYIJA\">\n<p>Delgado fue un \u00edcono de la lucha contra la corrupci\u00f3n en Argentina, lider\u00f3 investigaciones de il\u00edcitos cometidos en todos los gobiernos: los \u00abPanam\u00e1 Papers\u00bb, donde estuvo involucrado el expresidente Mauricio Macri (2015-2019), o el de \u00ablos bolsos de L\u00f3pez\u00bb, por enriquecimiento il\u00edcito del exsecretario de Obras P\u00fablicas durante los gobiernos de N\u00e9stor Kirchner (2003-2007) y Cristina Fern\u00e1ndez (2007-2015), Jos\u00e9 L\u00f3pez, el pago de sobornos en el Senado nacional y el megacanje de la deuda externa, ambos ocurridos durante el gobierno de Fernando De la R\u00faa (1999-2001).<\/p>\n<p>Este hombre, profesor universitario, que se caracterizaba por ir a trabajar en bicicleta y vestir jeans, fue un luchador incansable contra la permeabilidad de la justicia argentina.<\/p>\n<p>El presidente argentino, Alberto Fern\u00e1ndez, destac\u00f3 a Delgado en sus redes sociales como un \u00abgran y honesto fiscal\u00bb.<\/p>\n<\/div>\n<\/div>\n","protected":false},"excerpt":{"rendered":"<p>Buenos Aires.- El fiscal Jos\u00e9 Federico Delgado, investigador en Argentina en el caso Panam\u00e1 Papers y otros emblem\u00e1ticos casos de corrupci\u00f3n, falleci\u00f3 este domingo, 27 de agosto del 2023. El Ministerio P\u00fablico Fiscal argentino envi\u00f3 sus \u00abcondolencias a familiares, amigos y colaboradores\u00bb en un comunicado. El abogado y licenciado en Ciencias Pol\u00edticas, que se caracterizaba [&hellip;]<\/p>\n","protected":false},"author":3,"featured_media":3308,"comment_status":"open","ping_status":"closed","sticky":false,"template":"","format":"standard","meta":{"_jetpack_memberships_contains_paid_content":false,"footnotes":""},"categories":[11],"tags":[647],"class_list":["post-3307","post","type-post","status-publish","format-standard","has-post-thumbnail","hentry","category-noticias-internacionales","tag-caso-panama-papers"],"jetpack_featured_media_url":"https:\/\/radiocresatelital.com\/wp-content\/uploads\/2023\/08\/FEDERICO-DELGADO.jpeg","jetpack_sharing_enabled":true,"_links":{"self":[{"href":"https:\/\/radiocresatelital.com\/index.php?rest_route=\/wp\/v2\/posts\/3307","targetHints":{"allow":["GET"]}}],"collection":[{"href":"https:\/\/radiocresatelital.com\/index.php?rest_route=\/wp\/v2\/posts"}],"about":[{"href":"https:\/\/radiocresatelital.com\/index.php?rest_route=\/wp\/v2\/types\/post"}],"author":[{"embeddable":true,"href":"https:\/\/radiocresatelital.com\/index.php?rest_route=\/wp\/v2\/users\/3"}],"replies":[{"embeddable":true,"href":"https:\/\/radiocresatelital.com\/index.php?rest_route=%2Fwp%2Fv2%2Fcomments&post=3307"}],"version-history":[{"count":1,"href":"https:\/\/radiocresatelital.com\/index.php?rest_route=\/wp\/v2\/posts\/3307\/revisions"}],"predecessor-version":[{"id":3309,"href":"https:\/\/radiocresatelital.com\/index.php?rest_route=\/wp\/v2\/posts\/3307\/revisions\/3309"}],"wp:featuredmedia":[{"embeddable":true,"href":"https:\/\/radiocresatelital.com\/index.php?rest_route=\/wp\/v2\/media\/3308"}],"wp:attachment":[{"href":"https:\/\/radiocresatelital.com\/index.php?rest_route=%2Fwp%2Fv2%2Fmedia&parent=3307"}],"wp:term":[{"taxonomy":"category","embeddable":true,"href":"https:\/\/radiocresatelital.com\/index.php?rest_route=%2Fwp%2Fv2%2Fcategories&post=3307"},{"taxonomy":"post_tag","embeddable":true,"href":"https:\/\/radiocresatelital.com\/index.php?rest_route=%2Fwp%2Fv2%2Ftags&post=3307"}],"curies":[{"name":"wp","href":"https:\/\/api.w.org\/{rel}","templated":true}]}}