{"id":33066,"date":"2025-08-03T16:26:42","date_gmt":"2025-08-03T16:26:42","guid":{"rendered":"https:\/\/radiocresatelital.com\/?p=33066"},"modified":"2025-08-03T16:26:42","modified_gmt":"2025-08-03T16:26:42","slug":"450-arboles-nativos-revitalizan-la-biodiversidad-en-senderos-de-samanes","status":"publish","type":"post","link":"https:\/\/radiocresatelital.com\/?p=33066","title":{"rendered":"450 \u00e1rboles nativos revitalizan la biodiversidad en senderos de Samanes"},"content":{"rendered":"<p>Guayaquil.- El ecosistema del \u00c1rea Nacional Recreativa \u201cLos Samanes\u201d, ubicada en la avenida Francisco de Orellana, se fortalece con la siembra de 450 pl\u00e1ntulas de \u00e1rboles nativos del bosque seco tropical, que atraer\u00e1n m\u00e1s insectos, aves y especies polinizadoras a la zona de senderos.<\/p>\n<p>La iniciativa forma parte del trabajo conjunto entre la Direcci\u00f3n de Ambiente del Municipio de Guayaquil, el proyecto de educaci\u00f3n ambiental Cascos Verdes, la empresa privada y la comunidad, como parte de las acciones sostenibles que promueven la regeneraci\u00f3n de \u00e1reas verdes en la ciudad.<\/p>\n<p>Durante la jornada de siembra, la familia Bonilla (representada por tres generaciones) se sum\u00f3 con entusiasmo a esta causa ambiental. Klever Bonilla (64 a\u00f1os), Klever Bonilla (44 a\u00f1os) y Sa\u00fal Bonilla (14 a\u00f1os) plantaron un roble con rastrillo, pala y sus propias manos.<\/p>\n<p>\u201cCompartir con la familia para que vean lo importante que est\u00e1n haciendo es muy positivo y eso a la larga va a ayudar mucho a la ciudad. Aqu\u00ed estamos sembrando y en unos cuantos a\u00f1os habr\u00e1 m\u00e1s \u00e1rboles\u201d, destac\u00f3 Klever Bonilla.<\/p>\n<p>Francisco Luna, directora del proyecto Cascos Verdes en Ecuador, destac\u00f3 la importancia del trabajo colaborativo en la protecci\u00f3n del entorno natural. \u201cBuscamos alianzas con los gobiernos locales para hacer estas acciones. Incluimos a la empresa privada, la academia, la gente del \u00e1rea para que vengan y cuiden los espacios\u201d, expres\u00f3.<\/p>\n<p>Esta acci\u00f3n se suma a la campa\u00f1a municipal \u201cGuayaquil, Ciudad de Todos los \u00c1rboles\u201d, que ha permitido recuperar 13 hect\u00e1reas en distintas zonas del cant\u00f3n con la siembra de 4.900 pl\u00e1ntulas de especies como roble, guayac\u00e1n y guachapel\u00ed.<\/p>\n<p>As\u00ed, Guayaquil contin\u00faa construyendo un arbolado urbano que fortalece la biodiversidad y mejora la calidad de vida de sus habitantes.<\/p>\n","protected":false},"excerpt":{"rendered":"<p>Guayaquil.- El ecosistema del \u00c1rea Nacional Recreativa \u201cLos Samanes\u201d, ubicada en la avenida Francisco de Orellana, se fortalece con la siembra de 450 pl\u00e1ntulas de \u00e1rboles nativos del bosque seco tropical, que atraer\u00e1n m\u00e1s insectos, aves y especies polinizadoras a la zona de senderos. La iniciativa forma parte del trabajo conjunto entre la Direcci\u00f3n de [&hellip;]<\/p>\n","protected":false},"author":2,"featured_media":33067,"comment_status":"open","ping_status":"closed","sticky":false,"template":"","format":"standard","meta":{"_jetpack_memberships_contains_paid_content":false,"footnotes":""},"categories":[33,13],"tags":[5263,1565,114],"class_list":["post-33066","post","type-post","status-publish","format-standard","has-post-thumbnail","hentry","category-guayaquil","category-noticias-nacionales","tag-area-nacional-recreativa-los-samanes","tag-direccion-de-ambiente","tag-municipio-de-guayaquil"],"jetpack_featured_media_url":"https:\/\/radiocresatelital.com\/wp-content\/uploads\/2025\/08\/WhatsApp-Image-2025-08-02-at-15.10.011.jpeg","jetpack_sharing_enabled":true,"_links":{"self":[{"href":"https:\/\/radiocresatelital.com\/index.php?rest_route=\/wp\/v2\/posts\/33066","targetHints":{"allow":["GET"]}}],"collection":[{"href":"https:\/\/radiocresatelital.com\/index.php?rest_route=\/wp\/v2\/posts"}],"about":[{"href":"https:\/\/radiocresatelital.com\/index.php?rest_route=\/wp\/v2\/types\/post"}],"author":[{"embeddable":true,"href":"https:\/\/radiocresatelital.com\/index.php?rest_route=\/wp\/v2\/users\/2"}],"replies":[{"embeddable":true,"href":"https:\/\/radiocresatelital.com\/index.php?rest_route=%2Fwp%2Fv2%2Fcomments&post=33066"}],"version-history":[{"count":1,"href":"https:\/\/radiocresatelital.com\/index.php?rest_route=\/wp\/v2\/posts\/33066\/revisions"}],"predecessor-version":[{"id":33068,"href":"https:\/\/radiocresatelital.com\/index.php?rest_route=\/wp\/v2\/posts\/33066\/revisions\/33068"}],"wp:featuredmedia":[{"embeddable":true,"href":"https:\/\/radiocresatelital.com\/index.php?rest_route=\/wp\/v2\/media\/33067"}],"wp:attachment":[{"href":"https:\/\/radiocresatelital.com\/index.php?rest_route=%2Fwp%2Fv2%2Fmedia&parent=33066"}],"wp:term":[{"taxonomy":"category","embeddable":true,"href":"https:\/\/radiocresatelital.com\/index.php?rest_route=%2Fwp%2Fv2%2Fcategories&post=33066"},{"taxonomy":"post_tag","embeddable":true,"href":"https:\/\/radiocresatelital.com\/index.php?rest_route=%2Fwp%2Fv2%2Ftags&post=33066"}],"curies":[{"name":"wp","href":"https:\/\/api.w.org\/{rel}","templated":true}]}}