{"id":33052,"date":"2025-08-02T21:15:25","date_gmt":"2025-08-02T21:15:25","guid":{"rendered":"https:\/\/radiocresatelital.com\/?p=33052"},"modified":"2025-08-02T21:15:33","modified_gmt":"2025-08-02T21:15:33","slug":"ministerio-de-gobierno-lidera-primer-encuentro-nacional-de-gobernadores-en-santa-elena","status":"publish","type":"post","link":"https:\/\/radiocresatelital.com\/?p=33052","title":{"rendered":"Ministerio de Gobierno lidera primer encuentro nacional de Gobernadores en Santa Elena"},"content":{"rendered":"<p>Santa Elena.-\u00a0El Ministerio de Gobierno, encabezado por la ministra Zaida Rovira, lider\u00f3 este 1 de agosto en la provincia de Santa Elena el primer encuentro nacional de gobernadores, un espacio estrat\u00e9gico para fortalecer la gobernabilidad, consolidar la articulaci\u00f3n territorial y trazar una hoja de ruta com\u00fan en el marco del Nuevo Ecuador.<\/p>\n<p>La ministra Rovira estuvo acompa\u00f1ada por Cynthia Gellibert, secretaria general de la Administraci\u00f3n P\u00fablica y de Gabinete, y Justina Zambrano, viceministra de Gobierno. Esta primera cita interinstitucional congreg\u00f3 a todos los gobernadores del pa\u00eds para trabajar en unidad y coordinar acciones conjuntas entre el Gobierno Central y las representaciones provinciales.<\/p>\n<p>Durante su intervenci\u00f3n, la ministra Zaida Rovira resalt\u00f3 la importancia de este encuentro para reforzar la capacidad operativa del Estado en el territorio:<\/p>\n<p>\u201cHoy reafirmamos que la gobernabilidad se construye desde el territorio, con di\u00e1logo, articulaci\u00f3n y compromiso. Nuestro objetivo es claro: trabajar unidos en una ruta com\u00fan que permita que cada provincia aporte al desarrollo nacional con eficiencia y cercan\u00eda a la ciudadan\u00eda. No hay tiempo que perder. \u00a1El Nuevo Ecuador no se detiene!\u201d.<\/p>\n<p>La titular de Gobierno enfatiz\u00f3 que estos espacios permiten una respuesta m\u00e1s \u00e1gil a las demandas ciudadanas y garantizan que las pol\u00edticas p\u00fablicas se ejecuten con eficacia y transparencia en todas las provincias.<\/p>\n<p>Para finalizar la autoridad mencion\u00f3 que estos encuentros se realizar\u00e1n en diferentes provincias del pa\u00eds, con el objetivo de dar seguimiento a los compromisos asumidos y evaluar los avances alcanzados en cada territorio.<\/p>\n","protected":false},"excerpt":{"rendered":"<p>Santa Elena.-\u00a0El Ministerio de Gobierno, encabezado por la ministra Zaida Rovira, lider\u00f3 este 1 de agosto en la provincia de Santa Elena el primer encuentro nacional de gobernadores, un espacio estrat\u00e9gico para fortalecer la gobernabilidad, consolidar la articulaci\u00f3n territorial y trazar una hoja de ruta com\u00fan en el marco del Nuevo Ecuador. La ministra Rovira [&hellip;]<\/p>\n","protected":false},"author":2,"featured_media":33053,"comment_status":"open","ping_status":"closed","sticky":false,"template":"","format":"standard","meta":{"_jetpack_memberships_contains_paid_content":false,"footnotes":""},"categories":[13],"tags":[1361],"class_list":["post-33052","post","type-post","status-publish","format-standard","has-post-thumbnail","hentry","category-noticias-nacionales","tag-ministerio-de-gobierno"],"jetpack_featured_media_url":"https:\/\/radiocresatelital.com\/wp-content\/uploads\/2025\/08\/e719334b-336b-4c3c-9776-7648273b73e3.jpeg","jetpack_sharing_enabled":true,"_links":{"self":[{"href":"https:\/\/radiocresatelital.com\/index.php?rest_route=\/wp\/v2\/posts\/33052","targetHints":{"allow":["GET"]}}],"collection":[{"href":"https:\/\/radiocresatelital.com\/index.php?rest_route=\/wp\/v2\/posts"}],"about":[{"href":"https:\/\/radiocresatelital.com\/index.php?rest_route=\/wp\/v2\/types\/post"}],"author":[{"embeddable":true,"href":"https:\/\/radiocresatelital.com\/index.php?rest_route=\/wp\/v2\/users\/2"}],"replies":[{"embeddable":true,"href":"https:\/\/radiocresatelital.com\/index.php?rest_route=%2Fwp%2Fv2%2Fcomments&post=33052"}],"version-history":[{"count":2,"href":"https:\/\/radiocresatelital.com\/index.php?rest_route=\/wp\/v2\/posts\/33052\/revisions"}],"predecessor-version":[{"id":33055,"href":"https:\/\/radiocresatelital.com\/index.php?rest_route=\/wp\/v2\/posts\/33052\/revisions\/33055"}],"wp:featuredmedia":[{"embeddable":true,"href":"https:\/\/radiocresatelital.com\/index.php?rest_route=\/wp\/v2\/media\/33053"}],"wp:attachment":[{"href":"https:\/\/radiocresatelital.com\/index.php?rest_route=%2Fwp%2Fv2%2Fmedia&parent=33052"}],"wp:term":[{"taxonomy":"category","embeddable":true,"href":"https:\/\/radiocresatelital.com\/index.php?rest_route=%2Fwp%2Fv2%2Fcategories&post=33052"},{"taxonomy":"post_tag","embeddable":true,"href":"https:\/\/radiocresatelital.com\/index.php?rest_route=%2Fwp%2Fv2%2Ftags&post=33052"}],"curies":[{"name":"wp","href":"https:\/\/api.w.org\/{rel}","templated":true}]}}