{"id":3304,"date":"2023-08-28T17:30:09","date_gmt":"2023-08-28T17:30:09","guid":{"rendered":"https:\/\/radiocresatelital.com\/?p=3304"},"modified":"2023-08-28T20:05:45","modified_gmt":"2023-08-28T20:05:45","slug":"christian-zurita-deja-ecuador","status":"publish","type":"post","link":"https:\/\/radiocresatelital.com\/?p=3304","title":{"rendered":"Christian Zurita deja Ecuador"},"content":{"rendered":"<p>Quito.- El ex candidato a la presidencia de la rep\u00fablica, Christian Zurita, anunci\u00f3 que debido al alt\u00edsimo riesgo que pesa sobre \u00e9l, por las m\u00faltiples amenazas que le han proferido desde que decidi\u00f3 reemplazar a su amigo y ex presidenciable Fernando Villavicencio, ha tomado la decisi\u00f3n de salir del pa\u00eds para precautelar su vida.<\/p>\n<p class=\"prose-text\">\u201cLas condiciones de peligro para mi vida son enormes, alt\u00edsimas, no quiero vivir as\u00ed y tampoco quiero que mi familia est\u00e9 sometida a lo que significa esa tragedia de vivir en una c\u00e1psula de seguridad con chalecos y cascos en la medida que salgo a espacios p\u00fablicos. Mi vida siempre ha sido libre, en la cual he podido mirar siempre en alto y orgulloso de lo que he hecho, pero este momento por el cual atravesamos ha sido muy duro\u201d, a\u00f1adiendo .\u201cTengo que, efectivamente, tomarme un tiempo para m\u00ed\u201d, dijo en entrevista con Ecuavisa.<\/p>\n<p class=\"prose-text\">Adem\u00e1s indic\u00f3: \u201cCreo que he hecho el mejor de los esfuerzos para cumplir mi deber, mi lealtad con quien fue mi hermano (Fernando Villavicencio) y luego para sostener un proyecto que es de \u00e9l, sobre todo, ayudar\u00e9, estar\u00e9 en la medida en que pueda ser efectivamente un colaborador, pero luego de que termine de cumplir estas responsabilidades&#8230; tengo que tomar mi tiempo\u201d.<\/p>\n<p class=\"prose-text\">El exaspirante pidi\u00f3 a la ciudadan\u00eda tener fe y luchar por el pa\u00eds. \u201cHay que tener fe en el Ecuador y tenemos que luchar por el pa\u00eds donde vivimos y es en el que crecer\u00e1n nuestros hijos, as\u00ed que tenemos mucho por hacer\u201d, enfatiz\u00f3.<\/p>\n<p class=\"prose-text\">Zurita espera tambi\u00e9n seguir con sus actividades period\u00edsticas y de investigaci\u00f3n desde el exterior.<\/p>\n","protected":false},"excerpt":{"rendered":"<p>Quito.- El ex candidato a la presidencia de la rep\u00fablica, Christian Zurita, anunci\u00f3 que debido al alt\u00edsimo riesgo que pesa sobre \u00e9l, por las m\u00faltiples amenazas que le han proferido desde que decidi\u00f3 reemplazar a su amigo y ex presidenciable Fernando Villavicencio, ha tomado la decisi\u00f3n de salir del pa\u00eds para precautelar su vida. \u201cLas [&hellip;]<\/p>\n","protected":false},"author":3,"featured_media":3305,"comment_status":"open","ping_status":"closed","sticky":false,"template":"","format":"standard","meta":{"_jetpack_memberships_contains_paid_content":false,"footnotes":""},"categories":[13],"tags":[622],"class_list":["post-3304","post","type-post","status-publish","format-standard","has-post-thumbnail","hentry","category-noticias-nacionales","tag-cristhian-zurita"],"jetpack_featured_media_url":"https:\/\/radiocresatelital.com\/wp-content\/uploads\/2023\/08\/christian-zurita-4.jpeg","jetpack_sharing_enabled":true,"_links":{"self":[{"href":"https:\/\/radiocresatelital.com\/index.php?rest_route=\/wp\/v2\/posts\/3304","targetHints":{"allow":["GET"]}}],"collection":[{"href":"https:\/\/radiocresatelital.com\/index.php?rest_route=\/wp\/v2\/posts"}],"about":[{"href":"https:\/\/radiocresatelital.com\/index.php?rest_route=\/wp\/v2\/types\/post"}],"author":[{"embeddable":true,"href":"https:\/\/radiocresatelital.com\/index.php?rest_route=\/wp\/v2\/users\/3"}],"replies":[{"embeddable":true,"href":"https:\/\/radiocresatelital.com\/index.php?rest_route=%2Fwp%2Fv2%2Fcomments&post=3304"}],"version-history":[{"count":1,"href":"https:\/\/radiocresatelital.com\/index.php?rest_route=\/wp\/v2\/posts\/3304\/revisions"}],"predecessor-version":[{"id":3306,"href":"https:\/\/radiocresatelital.com\/index.php?rest_route=\/wp\/v2\/posts\/3304\/revisions\/3306"}],"wp:featuredmedia":[{"embeddable":true,"href":"https:\/\/radiocresatelital.com\/index.php?rest_route=\/wp\/v2\/media\/3305"}],"wp:attachment":[{"href":"https:\/\/radiocresatelital.com\/index.php?rest_route=%2Fwp%2Fv2%2Fmedia&parent=3304"}],"wp:term":[{"taxonomy":"category","embeddable":true,"href":"https:\/\/radiocresatelital.com\/index.php?rest_route=%2Fwp%2Fv2%2Fcategories&post=3304"},{"taxonomy":"post_tag","embeddable":true,"href":"https:\/\/radiocresatelital.com\/index.php?rest_route=%2Fwp%2Fv2%2Ftags&post=3304"}],"curies":[{"name":"wp","href":"https:\/\/api.w.org\/{rel}","templated":true}]}}