{"id":33019,"date":"2025-08-01T18:51:46","date_gmt":"2025-08-01T18:51:46","guid":{"rendered":"https:\/\/radiocresatelital.com\/?p=33019"},"modified":"2025-08-01T21:53:13","modified_gmt":"2025-08-01T21:53:13","slug":"sweetcoffee-fue-condecorado-con-el-premio-perla-del-pacifico-por-su-aporte-al-desarrollo-de-guayaquil","status":"publish","type":"post","link":"https:\/\/radiocresatelital.com\/?p=33019","title":{"rendered":"Sweet&#038;Coffee\u00ae fue condecorado con el premio \u201cPerla del Pac\u00edfico\u201d por su aporte al desarrollo de Guayaquil"},"content":{"rendered":"<p>Guayaquil.- En el marco de las festividades por los 490 a\u00f1os de fundaci\u00f3n de Guayaquil, Sweet&amp;Coffee\u00a0fue reconocido con la condecoraci\u00f3n \u201cPerla del Pac\u00edfico\u201d, un galard\u00f3n que distingue a ciudadanos, empresas e instituciones que han contribuido de manera significativa al progreso de la ciudad.<\/p>\n<p>El reconocimiento fue entregado a los fundadores de la marca, en un acto solemne celebrado en la Gobernaci\u00f3n del Guayas, con la presencia del Presidente de la Rep\u00fablica, Daniel Noboa, quien lider\u00f3 la ceremonia. Este homenaje resalta c\u00f3mo <strong>Sweet&amp;Coffee<\/strong>\u00a0transform\u00f3 un emprendimiento familiar, en una empresa que hoy se ha consolidado como un referente nacional, a trav\u00e9s de un modelo empresarial exitoso.<\/p>\n<p>Desde 1997, y con una trayectoria marcada por la excelencia, <strong>Sweet&amp;Coffee<\/strong>\u00a0ha generado miles de oportunidades de empleo en el pa\u00eds, consolidando su presencia y generando conexiones significativas con sus clientes.<\/p>\n<p>Con sus 150 locales distribuidos en provincias como: Guayas; Santa Elena; Azuay; Manab\u00ed; Imbabura; Tungurahua; y Pichincha; han promovido la inclusi\u00f3n educativa y laboral de personas con discapacidad intelectual; la contribuci\u00f3n diaria a la alimentaci\u00f3n de poblaciones vulnerables; el comercio justo y desarrollo profesional de caficultores ecuatorianos; han impulsado la cultura y el talento ecuatoriano; e implementado acciones para reducir su huella de impacto ambiental, a trav\u00e9s de sus pilares e iniciativas que la han posicionado como un s\u00edmbolo de emprendimiento con prop\u00f3sito.<\/p>\n<p>Este premio es un testimonio y un homenaje del impacto positivo y sostenido que la marca ha tenido en la ciudad de Guayaquil y en todo el Ecuador, reafirmando su compromiso con el desarrollo econ\u00f3mico, social y cultural del pa\u00eds.<\/p>\n","protected":false},"excerpt":{"rendered":"<p>Guayaquil.- En el marco de las festividades por los 490 a\u00f1os de fundaci\u00f3n de Guayaquil, Sweet&amp;Coffee\u00a0fue reconocido con la condecoraci\u00f3n \u201cPerla del Pac\u00edfico\u201d, un galard\u00f3n que distingue a ciudadanos, empresas e instituciones que han contribuido de manera significativa al progreso de la ciudad. El reconocimiento fue entregado a los fundadores de la marca, en un [&hellip;]<\/p>\n","protected":false},"author":2,"featured_media":33020,"comment_status":"open","ping_status":"closed","sticky":false,"template":"","format":"standard","meta":{"_jetpack_memberships_contains_paid_content":false,"footnotes":""},"categories":[2162],"tags":[3544],"class_list":["post-33019","post","type-post","status-publish","format-standard","has-post-thumbnail","hentry","category-entretenimiento","tag-sweetcoffee"],"jetpack_featured_media_url":"https:\/\/radiocresatelital.com\/wp-content\/uploads\/2025\/08\/WhatsApp-Image-2025-08-01-at-16.51.19.jpeg","jetpack_sharing_enabled":true,"_links":{"self":[{"href":"https:\/\/radiocresatelital.com\/index.php?rest_route=\/wp\/v2\/posts\/33019","targetHints":{"allow":["GET"]}}],"collection":[{"href":"https:\/\/radiocresatelital.com\/index.php?rest_route=\/wp\/v2\/posts"}],"about":[{"href":"https:\/\/radiocresatelital.com\/index.php?rest_route=\/wp\/v2\/types\/post"}],"author":[{"embeddable":true,"href":"https:\/\/radiocresatelital.com\/index.php?rest_route=\/wp\/v2\/users\/2"}],"replies":[{"embeddable":true,"href":"https:\/\/radiocresatelital.com\/index.php?rest_route=%2Fwp%2Fv2%2Fcomments&post=33019"}],"version-history":[{"count":1,"href":"https:\/\/radiocresatelital.com\/index.php?rest_route=\/wp\/v2\/posts\/33019\/revisions"}],"predecessor-version":[{"id":33021,"href":"https:\/\/radiocresatelital.com\/index.php?rest_route=\/wp\/v2\/posts\/33019\/revisions\/33021"}],"wp:featuredmedia":[{"embeddable":true,"href":"https:\/\/radiocresatelital.com\/index.php?rest_route=\/wp\/v2\/media\/33020"}],"wp:attachment":[{"href":"https:\/\/radiocresatelital.com\/index.php?rest_route=%2Fwp%2Fv2%2Fmedia&parent=33019"}],"wp:term":[{"taxonomy":"category","embeddable":true,"href":"https:\/\/radiocresatelital.com\/index.php?rest_route=%2Fwp%2Fv2%2Fcategories&post=33019"},{"taxonomy":"post_tag","embeddable":true,"href":"https:\/\/radiocresatelital.com\/index.php?rest_route=%2Fwp%2Fv2%2Ftags&post=33019"}],"curies":[{"name":"wp","href":"https:\/\/api.w.org\/{rel}","templated":true}]}}