{"id":3300,"date":"2023-08-28T17:09:27","date_gmt":"2023-08-28T17:09:27","guid":{"rendered":"https:\/\/radiocresatelital.com\/?p=3300"},"modified":"2023-08-28T20:06:24","modified_gmt":"2023-08-28T20:06:24","slug":"fiscalia-pedimos-prision-preventiva-para-extorsionadores-que-juez-libero","status":"publish","type":"post","link":"https:\/\/radiocresatelital.com\/?p=3300","title":{"rendered":"Fiscal\u00eda:  Pedimos prisi\u00f3n preventiva para extorsionadores que juez liber\u00f3"},"content":{"rendered":"<p>Guayaquil.- El propietario de negocio ubicado en Urdesa, sufri\u00f3 un intento de extorsi\u00f3n\u00a0 por parte de 3 \u00abvacunadores\u00bb, que le exig\u00edan $ 5.000 para no atentar contra sus familiares o el negocio, ellos ya ven\u00edan realizando actos similares en varios sectores de Urdesa, pero en esta ocasi\u00f3n la Polic\u00eda los capturo en delito fragante.<\/p>\n<p>La DINASED (Direcci\u00f3n Nacional de Delitos contra la Vida, Muertes Violentas, Desapariciones, Extorsi\u00f3n y Secuestros), ya estaba tras el rastro de estos presuntos delincuentes, por lo que adjunt\u00f3 pruebas, sobre las amenazas que estos individuos hab\u00edan hecho contra el due\u00f1o de una cl\u00ednica, a quien le exig\u00edan miles de d\u00f3lares para no matar a su hija,\u00a0 y las envi\u00f3 a la Fiscal\u00eda.<\/p>\n<p>Pese a ello, el juez, los dej\u00f3 libres en menos de 24 horas, y les orden\u00f3 medidas sustitutivas, teniendo que presentarse todos los d\u00edas ante el fiscal correspondiente. La ciudadan\u00eda ha reaccionado de forma aireada en las redes sociales, ya que consideran que el juez, echa al traste la labor de la polic\u00eda y pone en potencial riesgo a la ciudadan\u00eda, especialmente a los propietarios de los negocios a quienes intentaban extorsionar.<\/p>\n<p>La Fiscal\u00eda emiti\u00f3 la informaci\u00f3n oficial a trav\u00e9s de sus redes: \u00abP<span class=\"css-901oao css-16my406 r-poiln3 r-bcqeeo r-qvutc0\">ese al pedido fundamentado de prisi\u00f3n preventiva <\/span><span class=\"css-901oao css-16my406 r-poiln3 r-bcqeeo r-qvutc0\">contra los 3 procesados por extorsi\u00f3n<\/span><span class=\"css-901oao css-16my406 r-poiln3 r-bcqeeo r-qvutc0\">, el Juez que conoci\u00f3 la causa resolvi\u00f3 dictar medidas cautelares de prohibici\u00f3n de salida del pa\u00eds y presentaci\u00f3n diaria ante el Fiscal del caso<\/span><\/p>\n","protected":false},"excerpt":{"rendered":"<p>Guayaquil.- El propietario de negocio ubicado en Urdesa, sufri\u00f3 un intento de extorsi\u00f3n\u00a0 por parte de 3 \u00abvacunadores\u00bb, que le exig\u00edan $ 5.000 para no atentar contra sus familiares o el negocio, ellos ya ven\u00edan realizando actos similares en varios sectores de Urdesa, pero en esta ocasi\u00f3n la Polic\u00eda los capturo en delito fragante. La [&hellip;]<\/p>\n","protected":false},"author":3,"featured_media":3302,"comment_status":"open","ping_status":"closed","sticky":false,"template":"","format":"standard","meta":{"_jetpack_memberships_contains_paid_content":false,"footnotes":""},"categories":[13],"tags":[648],"class_list":["post-3300","post","type-post","status-publish","format-standard","has-post-thumbnail","hentry","category-noticias-nacionales","tag-vacunadores"],"jetpack_featured_media_url":"https:\/\/radiocresatelital.com\/wp-content\/uploads\/2023\/08\/tres-delincuentes.jpg","jetpack_sharing_enabled":true,"_links":{"self":[{"href":"https:\/\/radiocresatelital.com\/index.php?rest_route=\/wp\/v2\/posts\/3300","targetHints":{"allow":["GET"]}}],"collection":[{"href":"https:\/\/radiocresatelital.com\/index.php?rest_route=\/wp\/v2\/posts"}],"about":[{"href":"https:\/\/radiocresatelital.com\/index.php?rest_route=\/wp\/v2\/types\/post"}],"author":[{"embeddable":true,"href":"https:\/\/radiocresatelital.com\/index.php?rest_route=\/wp\/v2\/users\/3"}],"replies":[{"embeddable":true,"href":"https:\/\/radiocresatelital.com\/index.php?rest_route=%2Fwp%2Fv2%2Fcomments&post=3300"}],"version-history":[{"count":2,"href":"https:\/\/radiocresatelital.com\/index.php?rest_route=\/wp\/v2\/posts\/3300\/revisions"}],"predecessor-version":[{"id":3303,"href":"https:\/\/radiocresatelital.com\/index.php?rest_route=\/wp\/v2\/posts\/3300\/revisions\/3303"}],"wp:featuredmedia":[{"embeddable":true,"href":"https:\/\/radiocresatelital.com\/index.php?rest_route=\/wp\/v2\/media\/3302"}],"wp:attachment":[{"href":"https:\/\/radiocresatelital.com\/index.php?rest_route=%2Fwp%2Fv2%2Fmedia&parent=3300"}],"wp:term":[{"taxonomy":"category","embeddable":true,"href":"https:\/\/radiocresatelital.com\/index.php?rest_route=%2Fwp%2Fv2%2Fcategories&post=3300"},{"taxonomy":"post_tag","embeddable":true,"href":"https:\/\/radiocresatelital.com\/index.php?rest_route=%2Fwp%2Fv2%2Ftags&post=3300"}],"curies":[{"name":"wp","href":"https:\/\/api.w.org\/{rel}","templated":true}]}}