{"id":32986,"date":"2025-08-01T18:50:35","date_gmt":"2025-08-01T18:50:35","guid":{"rendered":"https:\/\/radiocresatelital.com\/?p=32986"},"modified":"2025-08-01T18:50:54","modified_gmt":"2025-08-01T18:50:54","slug":"orense-disputa-una-nueva-fase-de-la-liga-nacional-de-baloncesto-u12","status":"publish","type":"post","link":"https:\/\/radiocresatelital.com\/?p=32986","title":{"rendered":"Orense disputa una nueva fase de la Liga Nacional de Baloncesto U12"},"content":{"rendered":"<p>Machala.- El equipo femenino U12 de Orense Sporting Club disputar\u00e1 este s\u00e1bado 2 de agosto una nueva fase de la Liga Nacional de Baloncesto en su categor\u00eda. Los partidos se jugar\u00e1n en el Coliseo de los Deportes de Machala, donde las orenses se enfrentar\u00e1n a Juana de Dios, a las 08h00 locales (13h00 GMT), y a Club Alpes, a las 12h45 locales (17h45 GMT).<\/p>\n<p>Esta ser\u00e1 la primera participaci\u00f3n del equipo en la competici\u00f3n, y el objetivo es lograr la victoria en ambos compromisos para comenzar con pie derecho su camino en el campeonato.<\/p>\n<p>El conjunto verde conf\u00eda en el respaldo de la afici\u00f3n orense, cuyo apoyo ser\u00e1 clave para motivar al equipo y conseguir buenos resultados en esta jornada decisiva.<\/p>\n<p>Las jugadoras que integran el equipo femenino U12 de Orense Sporting Club son:<\/p>\n<p>Sophia GellibertAdriana Andrade<br \/>\nDanna Guamialama<br \/>\nBrianna Nieto<br \/>\nFabiana Vega<br \/>\nMyla Reyes<br \/>\nSaskia Avell\u00e1n<br \/>\nAna Victoria Ruiz<br \/>\nAna Luc\u00eda Ochoa<br \/>\nEmilia Garc\u00eda<br \/>\nSur\u00ed Vivas<br \/>\nRomina Betancourt<\/p>\n<p>Director T\u00e9cnico: Cristhian Romero<\/p>\n","protected":false},"excerpt":{"rendered":"<p>Machala.- El equipo femenino U12 de Orense Sporting Club disputar\u00e1 este s\u00e1bado 2 de agosto una nueva fase de la Liga Nacional de Baloncesto en su categor\u00eda. Los partidos se jugar\u00e1n en el Coliseo de los Deportes de Machala, donde las orenses se enfrentar\u00e1n a Juana de Dios, a las 08h00 locales (13h00 GMT), y [&hellip;]<\/p>\n","protected":false},"author":2,"featured_media":32987,"comment_status":"open","ping_status":"closed","sticky":false,"template":"","format":"standard","meta":{"_jetpack_memberships_contains_paid_content":false,"footnotes":""},"categories":[96,9],"tags":[5254,5250],"class_list":["post-32986","post","type-post","status-publish","format-standard","has-post-thumbnail","hentry","category-basquetball","category-deportes","tag-liga-nacional-de-baloncesto","tag-orense-sporting-club"],"jetpack_featured_media_url":"https:\/\/radiocresatelital.com\/wp-content\/uploads\/2025\/08\/WhatsApp-Image-2025-08-01-at-12.38.02-scaled.jpeg","jetpack_sharing_enabled":true,"_links":{"self":[{"href":"https:\/\/radiocresatelital.com\/index.php?rest_route=\/wp\/v2\/posts\/32986","targetHints":{"allow":["GET"]}}],"collection":[{"href":"https:\/\/radiocresatelital.com\/index.php?rest_route=\/wp\/v2\/posts"}],"about":[{"href":"https:\/\/radiocresatelital.com\/index.php?rest_route=\/wp\/v2\/types\/post"}],"author":[{"embeddable":true,"href":"https:\/\/radiocresatelital.com\/index.php?rest_route=\/wp\/v2\/users\/2"}],"replies":[{"embeddable":true,"href":"https:\/\/radiocresatelital.com\/index.php?rest_route=%2Fwp%2Fv2%2Fcomments&post=32986"}],"version-history":[{"count":1,"href":"https:\/\/radiocresatelital.com\/index.php?rest_route=\/wp\/v2\/posts\/32986\/revisions"}],"predecessor-version":[{"id":32988,"href":"https:\/\/radiocresatelital.com\/index.php?rest_route=\/wp\/v2\/posts\/32986\/revisions\/32988"}],"wp:featuredmedia":[{"embeddable":true,"href":"https:\/\/radiocresatelital.com\/index.php?rest_route=\/wp\/v2\/media\/32987"}],"wp:attachment":[{"href":"https:\/\/radiocresatelital.com\/index.php?rest_route=%2Fwp%2Fv2%2Fmedia&parent=32986"}],"wp:term":[{"taxonomy":"category","embeddable":true,"href":"https:\/\/radiocresatelital.com\/index.php?rest_route=%2Fwp%2Fv2%2Fcategories&post=32986"},{"taxonomy":"post_tag","embeddable":true,"href":"https:\/\/radiocresatelital.com\/index.php?rest_route=%2Fwp%2Fv2%2Ftags&post=32986"}],"curies":[{"name":"wp","href":"https:\/\/api.w.org\/{rel}","templated":true}]}}