{"id":32974,"date":"2025-08-01T18:20:24","date_gmt":"2025-08-01T18:20:24","guid":{"rendered":"https:\/\/radiocresatelital.com\/?p=32974"},"modified":"2025-08-01T18:20:24","modified_gmt":"2025-08-01T18:20:24","slug":"cientos-de-jovenes-viven-la-fiesta-del-futbol-en-la-copa-intercolegial-2025","status":"publish","type":"post","link":"https:\/\/radiocresatelital.com\/?p=32974","title":{"rendered":"Cientos de j\u00f3venes viven la fiesta del f\u00fatbol en la Copa Intercolegial 2025"},"content":{"rendered":"<p>Guayaquil.- Las voces de aliento, el eco de los goles y la energ\u00eda de cientos de j\u00f3venes marcaron el inicio de la Copa Nacional Intercolegial 2025 en el Parque Samanes. Del 29 al 31 de julio, Guayaquil vibr\u00f3 con el talento de 120 equipos que buscan escribir su propia historia en el torneo m\u00e1s importante del deporte formativo del pa\u00eds.<\/p>\n<p>En un ambiente cargado de emoci\u00f3n y esperanza, ni\u00f1as y ni\u00f1os de las categor\u00edas Sub 13 a Sub 17 (provenientes de Esmeraldas, Manta, Machala, Guayaquil, Quito, Ibarra, Riobamba y Cuenca) convirtieron la cancha en un espacio de disciplina, sue\u00f1os y juego limpio. La ciudad, Capital Americana del Deporte 2026, se consolida como epicentro de un movimiento juvenil que va m\u00e1s all\u00e1 del marcador.<\/p>\n<p>Uno de los momentos m\u00e1s vibrantes fue la transmisi\u00f3n en vivo del partido entre los colegios 28 de Mayo y Mar\u00eda Luisa Mariscal, jugado el 31 de julio. Desde las gradas, las emociones tambi\u00e9n jugaron su propio partido. Alejandro Caicedo, padre de uno de los participantes, dijo sentirse orgulloso por su hijo: \u201creci\u00e9n lleg\u00f3 y me encuentro con la novedad que mi hijo ya ha hecho cuatro goles. Que no pare este trabajo que es bueno para juventud, gracias al Municipio y Marathon que abren puertas para que nuestros hijos puedan hacer lo que m\u00e1s les gusta\u201d.<\/p>\n<p><img decoding=\"async\" src=\"https:\/\/guayaquil.gob.ec\/wp-content\/uploads\/2025\/08\/cientos-jovenes-viven-fiesta-futbol-copa-intercolegial7.jpg\" alt=\"Cientos de j\u00f3venes viven la fiesta del f\u00fatbol en la Copa Intercolegial 2025  \u2013 Alcald\u00eda de Guayaquil\" \/><br \/>\nOrganizada con el respaldo de la Federaci\u00f3n Ecuatoriana de F\u00fatbol (FEF), esta liga nacional no solo representa una competencia: es un impulso para miles de j\u00f3venes que sue\u00f1an con dejar huella en el deporte y en su comunidad. Presentada el pasado 7 de julio, la Copa refleja un compromiso con la formaci\u00f3n integral, la inclusi\u00f3n y la recuperaci\u00f3n del tejido social.<\/p>\n<p>La Alcald\u00eda de Guayaquil apuesta por el deporte como estrategia de transformaci\u00f3n. M\u00e1s de 68.000 personas ya han sido parte de esta visi\u00f3n a trav\u00e9s de programas como LigaPro Kids, las Escuelas de F\u00fatbol JBG y eventos masivos como este intercolegial.<\/p>\n<p>Hoy, en cada pase, en cada gol y en cada grito de aliento, la ciudad forma no solo atletas: forja ciudadanos comprometidos con el presente y el futuro de su comunidad.<\/p>\n","protected":false},"excerpt":{"rendered":"<p>Guayaquil.- Las voces de aliento, el eco de los goles y la energ\u00eda de cientos de j\u00f3venes marcaron el inicio de la Copa Nacional Intercolegial 2025 en el Parque Samanes. Del 29 al 31 de julio, Guayaquil vibr\u00f3 con el talento de 120 equipos que buscan escribir su propia historia en el torneo m\u00e1s importante [&hellip;]<\/p>\n","protected":false},"author":2,"featured_media":32975,"comment_status":"open","ping_status":"closed","sticky":false,"template":"","format":"standard","meta":{"_jetpack_memberships_contains_paid_content":false,"footnotes":""},"categories":[9],"tags":[5252],"class_list":["post-32974","post","type-post","status-publish","format-standard","has-post-thumbnail","hentry","category-deportes","tag-copa-nacional-intercolegial-2025"],"jetpack_featured_media_url":"https:\/\/radiocresatelital.com\/wp-content\/uploads\/2025\/08\/cientos-jovenes-viven-fiesta-futbol-copa-intercolegial1.jpg","jetpack_sharing_enabled":true,"_links":{"self":[{"href":"https:\/\/radiocresatelital.com\/index.php?rest_route=\/wp\/v2\/posts\/32974","targetHints":{"allow":["GET"]}}],"collection":[{"href":"https:\/\/radiocresatelital.com\/index.php?rest_route=\/wp\/v2\/posts"}],"about":[{"href":"https:\/\/radiocresatelital.com\/index.php?rest_route=\/wp\/v2\/types\/post"}],"author":[{"embeddable":true,"href":"https:\/\/radiocresatelital.com\/index.php?rest_route=\/wp\/v2\/users\/2"}],"replies":[{"embeddable":true,"href":"https:\/\/radiocresatelital.com\/index.php?rest_route=%2Fwp%2Fv2%2Fcomments&post=32974"}],"version-history":[{"count":1,"href":"https:\/\/radiocresatelital.com\/index.php?rest_route=\/wp\/v2\/posts\/32974\/revisions"}],"predecessor-version":[{"id":32976,"href":"https:\/\/radiocresatelital.com\/index.php?rest_route=\/wp\/v2\/posts\/32974\/revisions\/32976"}],"wp:featuredmedia":[{"embeddable":true,"href":"https:\/\/radiocresatelital.com\/index.php?rest_route=\/wp\/v2\/media\/32975"}],"wp:attachment":[{"href":"https:\/\/radiocresatelital.com\/index.php?rest_route=%2Fwp%2Fv2%2Fmedia&parent=32974"}],"wp:term":[{"taxonomy":"category","embeddable":true,"href":"https:\/\/radiocresatelital.com\/index.php?rest_route=%2Fwp%2Fv2%2Fcategories&post=32974"},{"taxonomy":"post_tag","embeddable":true,"href":"https:\/\/radiocresatelital.com\/index.php?rest_route=%2Fwp%2Fv2%2Ftags&post=32974"}],"curies":[{"name":"wp","href":"https:\/\/api.w.org\/{rel}","templated":true}]}}