{"id":3297,"date":"2023-08-28T16:20:51","date_gmt":"2023-08-28T16:20:51","guid":{"rendered":"https:\/\/radiocresatelital.com\/?p=3297"},"modified":"2023-08-28T20:06:54","modified_gmt":"2023-08-28T20:06:54","slug":"construye-y-gente-buena-mantienen-acuerdo-legislativo-zurita","status":"publish","type":"post","link":"https:\/\/radiocresatelital.com\/?p=3297","title":{"rendered":"Construye y Gente Buena, mantienen acuerdo legislativo, Zurita"},"content":{"rendered":"<p>Quito.-\u00a0 Pese a que Gente Buena circul\u00f3 en d\u00edas pasados un comunicado donde daba por terminada la alianza con el movimiento Construye, mantendr\u00e1n un trabajo conjunto en la Asamblea Nacional, as\u00ed lo dio a conocer el ex presidenciable Christian Zurita.\u00bb<\/p>\n<p>\u00a1Nos mantendremos unidos Construye y Gente Buena\u00bb , ha dicho Zurita, en un momento en que los bloques de las diferentes tendencias pol\u00edticas buscan acuerdos para conformar una mayor\u00eda s\u00f3lida en la Asamblea, a fin de aprovechar al m\u00e1ximo los 18 meses que tendr\u00e1n para legislar.<\/p>\n<p>\u00abSe trata de un acuerdo que pasa por el legislativo\u00bb, asever\u00f3 Zurita y explic\u00f3 porque el acuerdo no se extiende a otras \u00e1reas: El problema con Gente Buena radica en que una fracci\u00f3n \u00abcree que pueden convertir al movimiento que impuls\u00f3 Fernando Villavicencio en una organizaci\u00f3n de pol\u00edticas m\u00f3viles al servicio de uno u otro candidato y eso es algo que no permitiremos\u00bb .<\/p>\n","protected":false},"excerpt":{"rendered":"<p>Quito.-\u00a0 Pese a que Gente Buena circul\u00f3 en d\u00edas pasados un comunicado donde daba por terminada la alianza con el movimiento Construye, mantendr\u00e1n un trabajo conjunto en la Asamblea Nacional, as\u00ed lo dio a conocer el ex presidenciable Christian Zurita.\u00bb \u00a1Nos mantendremos unidos Construye y Gente Buena\u00bb , ha dicho Zurita, en un momento en [&hellip;]<\/p>\n","protected":false},"author":3,"featured_media":3298,"comment_status":"open","ping_status":"closed","sticky":false,"template":"","format":"standard","meta":{"_jetpack_memberships_contains_paid_content":false,"footnotes":""},"categories":[13],"tags":[649],"class_list":["post-3297","post","type-post","status-publish","format-standard","has-post-thumbnail","hentry","category-noticias-nacionales","tag-gente-buena"],"jetpack_featured_media_url":"https:\/\/radiocresatelital.com\/wp-content\/uploads\/2023\/08\/zurita-2-1.jpg","jetpack_sharing_enabled":true,"_links":{"self":[{"href":"https:\/\/radiocresatelital.com\/index.php?rest_route=\/wp\/v2\/posts\/3297","targetHints":{"allow":["GET"]}}],"collection":[{"href":"https:\/\/radiocresatelital.com\/index.php?rest_route=\/wp\/v2\/posts"}],"about":[{"href":"https:\/\/radiocresatelital.com\/index.php?rest_route=\/wp\/v2\/types\/post"}],"author":[{"embeddable":true,"href":"https:\/\/radiocresatelital.com\/index.php?rest_route=\/wp\/v2\/users\/3"}],"replies":[{"embeddable":true,"href":"https:\/\/radiocresatelital.com\/index.php?rest_route=%2Fwp%2Fv2%2Fcomments&post=3297"}],"version-history":[{"count":1,"href":"https:\/\/radiocresatelital.com\/index.php?rest_route=\/wp\/v2\/posts\/3297\/revisions"}],"predecessor-version":[{"id":3299,"href":"https:\/\/radiocresatelital.com\/index.php?rest_route=\/wp\/v2\/posts\/3297\/revisions\/3299"}],"wp:featuredmedia":[{"embeddable":true,"href":"https:\/\/radiocresatelital.com\/index.php?rest_route=\/wp\/v2\/media\/3298"}],"wp:attachment":[{"href":"https:\/\/radiocresatelital.com\/index.php?rest_route=%2Fwp%2Fv2%2Fmedia&parent=3297"}],"wp:term":[{"taxonomy":"category","embeddable":true,"href":"https:\/\/radiocresatelital.com\/index.php?rest_route=%2Fwp%2Fv2%2Fcategories&post=3297"},{"taxonomy":"post_tag","embeddable":true,"href":"https:\/\/radiocresatelital.com\/index.php?rest_route=%2Fwp%2Fv2%2Ftags&post=3297"}],"curies":[{"name":"wp","href":"https:\/\/api.w.org\/{rel}","templated":true}]}}