{"id":32940,"date":"2025-07-31T18:00:46","date_gmt":"2025-07-31T18:00:46","guid":{"rendered":"https:\/\/radiocresatelital.com\/?p=32940"},"modified":"2025-07-31T21:03:51","modified_gmt":"2025-07-31T21:03:51","slug":"uleam-presento-agenda-y-logros-por-sus-40-anos-en-la-uees","status":"publish","type":"post","link":"https:\/\/radiocresatelital.com\/?p=32940","title":{"rendered":"Uleam present\u00f3 agenda y logros por sus 40 a\u00f1os en la UEES"},"content":{"rendered":"<p>Manta.- En una ceremonia desarrollada en la Universidad Esp\u00edritu Santo (UEES) en Samborond\u00f3n, la Universidad Laica Eloy Alfaro de Manab\u00ed (ULEAM) present\u00f3 este 29 de julio su agenda conmemorativa por el cuadrag\u00e9simo aniversario de vida institucional, as\u00ed como una detallada exposici\u00f3n de los principales avances alcanzados en su actual modelo de gesti\u00f3n universitaria, liderado por el rector Dr. Marcos Zambrano Zambrano.<\/p>\n<p>El evento reuni\u00f3 a representantes del sector acad\u00e9mico, productivo y gubernamental. Adem\u00e1s, estuvo como invitada especial la Dra. Carmita \u00c1lvarez, consejera acad\u00e9mica del Consejo de Educaci\u00f3n Superior (CES), autoridades de la ULEAM, as\u00ed como docentes e invitados especiales.<\/p>\n<p>En la apertura del evento, el Dr. Carlos Ortega Maldonado, canciller de la UEES, destac\u00f3 el enfoque innovador que promueve la ULEAM frente a los desaf\u00edos contempor\u00e1neos del sistema universitario.<\/p>\n<p>\u201cLas aulas y bibliotecas desactualizadas ya no bastan. Las universidades deben asumir una postura transformadora frente a fen\u00f3menos como la rob\u00f3tica, las redes y la inteligencia artificial. La ULEAM, siendo una universidad p\u00fablica, evidencia una evoluci\u00f3n ejemplar. Con el Dr. Marcos Zambrano, la instituci\u00f3n se encuentra en manos visionarias y comprometidas con el futuro\u201d, subray\u00f3 el Dr. Ortega.<\/p>\n<p>En su intervenci\u00f3n, el rector Zambrano expuso los hitos m\u00e1s relevantes de su administraci\u00f3n, entre los que destac\u00f3:<\/p>\n<ul>\n<li>Incremento de cupos de matr\u00edcula, con enfoque en equidad de g\u00e9nero.<\/li>\n<li>Creaci\u00f3n de 17 nuevas carreras alineadas con los retos contempor\u00e1neos.<\/li>\n<li>Transformaci\u00f3n integral de la infraestructura f\u00edsica y tecnol\u00f3gica, incluyendo regeneraci\u00f3n urbana, cableado soterrado y nuevos espacios acad\u00e9micos.<\/li>\n<li>Optimizaci\u00f3n de recursos mediante reingenier\u00eda administrativa, que ha permitido financiar iniciativas como el Instituto de Neurociencias, pionero en su tipo dentro del sistema p\u00fablico.<\/li>\n<li>Descentralizaci\u00f3n de servicios universitarios en zonas hist\u00f3ricamente excluidas, con la habilitaci\u00f3n del hospital de contingencia que atiende a m\u00e1s de 3.000 personas al mes en la zona norte de Manab\u00ed.<\/li>\n<li>Inversi\u00f3n de medio mill\u00f3n de d\u00f3lares en laboratorios CESCECCA y la creaci\u00f3n de espacios formativos como cine para idiomas, salas de audiencias y centros de capacitaci\u00f3n en Manta y Chone.<\/li>\n<\/ul>\n<p>Tambi\u00e9n present\u00f3 el calendario conmemorativo de los 40 a\u00f1os, que incluye eventos de alto valor acad\u00e9mico y cultural como el Segundo Simposio Internacional de Escultura y el fortalecimiento del vivero de cacao, con la ambici\u00f3n de alcanzar los 5 millones de plantas, as\u00ed como la participaci\u00f3n activa en la designaci\u00f3n de Manab\u00ed como Regi\u00f3n Gastron\u00f3mica Mundial. Para ver la agenda completa visite la p\u00e1gina <a href=\"https:\/\/www.uleam.edu.ec\/agenda-de-eventos-por-los-40-anos-de-la-uleam\/\">https:\/\/www.uleam.edu.ec\/agenda-de-eventos-por-los-40-anos-de-la-uleam\/<\/a><\/p>\n<p>El rector tambi\u00e9n socializ\u00f3 algunos proyectos emblem\u00e1ticos en marcha, entre ellos:<\/p>\n<ul>\n<li>El Centro de Convenciones del Pac\u00edfico, con un avance del 40 % y m\u00e1s de 10.000 m\u00b2 proyectados.<\/li>\n<li>Nuevas plazas culturales en Montecristi y Pedernales.<\/li>\n<li>La recuperaci\u00f3n de la Casa Vesubio, inmueble patrimonial en Bah\u00eda de Car\u00e1quez<\/li>\n<li>Obras como el Centro de Fisioterapia, el gimnasio universitario y la remodelaci\u00f3n de la Facultad de Ciencias de la Educaci\u00f3n<\/li>\n<li>La pronta construcci\u00f3n del Centro de Simulaci\u00f3n M\u00e9dica, con una inversi\u00f3n de $16 millones<\/li>\n<li>Nuevos laboratorios certificados para Chone y Pedernales<\/li>\n<\/ul>\n<p>Entre los proyectos de impacto futuro, se mencionaron:<\/p>\n<ul>\n<li>El Centro de Investigaci\u00f3n del Agua (Pichincha)<\/li>\n<li>El CEIMAR \u2013 Ciudad del Mar (Jaramij\u00f3)<\/li>\n<li>El Centro La Sabana para la conservaci\u00f3n de aves y ecosistemas<\/li>\n<li>Dos centros de alto rendimiento deportivo<\/li>\n<li>El Complejo Tecnol\u00f3gico de Simulaci\u00f3n y Energ\u00edas Renovables, que se perfila como el proyecto insignia de la ULEAM en materia de sostenibilidad y transferencia tecnol\u00f3gica<\/li>\n<\/ul>\n<p><strong>Reconocimiento nacional al liderazgo universitario<\/strong><\/p>\n<p>La Dra. Rosal\u00eda Arteaga, expresidenta de la Rep\u00fablica y reconocida acad\u00e9mica, destac\u00f3 el modelo de liderazgo transformador del rector Marcos Zambrano. \u201cComo quisiera clonar al Dr. Marcos Zambrano para que cada provincia cuente con un rector como \u00e9l. Esta universidad, que renaci\u00f3 de los escombros del terremoto, hoy compite con instituciones del primer mundo. La ULEAM es un rayo de esperanza para el pa\u00eds\u201d, expres\u00f3 con profunda admiraci\u00f3n.<\/p>\n<p>Asimismo, destac\u00f3 la capacidad de gesti\u00f3n para maximizar el uso de los recursos p\u00fablicos y proyectar a Manab\u00ed como un referente nacional e internacional, articulando ciencia, tecnolog\u00eda, cultura e identidad.<\/p>\n","protected":false},"excerpt":{"rendered":"<p>Manta.- En una ceremonia desarrollada en la Universidad Esp\u00edritu Santo (UEES) en Samborond\u00f3n, la Universidad Laica Eloy Alfaro de Manab\u00ed (ULEAM) present\u00f3 este 29 de julio su agenda conmemorativa por el cuadrag\u00e9simo aniversario de vida institucional, as\u00ed como una detallada exposici\u00f3n de los principales avances alcanzados en su actual modelo de gesti\u00f3n universitaria, liderado por [&hellip;]<\/p>\n","protected":false},"author":2,"featured_media":32941,"comment_status":"open","ping_status":"closed","sticky":false,"template":"","format":"standard","meta":{"_jetpack_memberships_contains_paid_content":false,"footnotes":""},"categories":[13],"tags":[5248],"class_list":["post-32940","post","type-post","status-publish","format-standard","has-post-thumbnail","hentry","category-noticias-nacionales","tag-universidad-laica-eloy-alfaro-de-manabi"],"jetpack_featured_media_url":"https:\/\/radiocresatelital.com\/wp-content\/uploads\/2025\/07\/1_40-Anos-ULEAM-Gye-scaled.jpg","jetpack_sharing_enabled":true,"_links":{"self":[{"href":"https:\/\/radiocresatelital.com\/index.php?rest_route=\/wp\/v2\/posts\/32940","targetHints":{"allow":["GET"]}}],"collection":[{"href":"https:\/\/radiocresatelital.com\/index.php?rest_route=\/wp\/v2\/posts"}],"about":[{"href":"https:\/\/radiocresatelital.com\/index.php?rest_route=\/wp\/v2\/types\/post"}],"author":[{"embeddable":true,"href":"https:\/\/radiocresatelital.com\/index.php?rest_route=\/wp\/v2\/users\/2"}],"replies":[{"embeddable":true,"href":"https:\/\/radiocresatelital.com\/index.php?rest_route=%2Fwp%2Fv2%2Fcomments&post=32940"}],"version-history":[{"count":1,"href":"https:\/\/radiocresatelital.com\/index.php?rest_route=\/wp\/v2\/posts\/32940\/revisions"}],"predecessor-version":[{"id":32942,"href":"https:\/\/radiocresatelital.com\/index.php?rest_route=\/wp\/v2\/posts\/32940\/revisions\/32942"}],"wp:featuredmedia":[{"embeddable":true,"href":"https:\/\/radiocresatelital.com\/index.php?rest_route=\/wp\/v2\/media\/32941"}],"wp:attachment":[{"href":"https:\/\/radiocresatelital.com\/index.php?rest_route=%2Fwp%2Fv2%2Fmedia&parent=32940"}],"wp:term":[{"taxonomy":"category","embeddable":true,"href":"https:\/\/radiocresatelital.com\/index.php?rest_route=%2Fwp%2Fv2%2Fcategories&post=32940"},{"taxonomy":"post_tag","embeddable":true,"href":"https:\/\/radiocresatelital.com\/index.php?rest_route=%2Fwp%2Fv2%2Ftags&post=32940"}],"curies":[{"name":"wp","href":"https:\/\/api.w.org\/{rel}","templated":true}]}}