{"id":3294,"date":"2023-08-28T15:34:51","date_gmt":"2023-08-28T15:34:51","guid":{"rendered":"https:\/\/radiocresatelital.com\/?p=3294"},"modified":"2023-08-28T15:34:51","modified_gmt":"2023-08-28T15:34:51","slug":"fallece-carlos-falquez-batallas","status":"publish","type":"post","link":"https:\/\/radiocresatelital.com\/?p=3294","title":{"rendered":"Fallece Carlos Falquez Batallas"},"content":{"rendered":"<p>Guayaquil.- El exalcalde de Machala dos ocasiones, cuatro veces diputado, dos veces asambleista, gobernador, prefecto, l\u00edder del Partido Social Cristiano en la provincia de El Oro, el fue Carlos Falquez Batallas, quien hoy, a los 81 a\u00f1os falleci\u00f3 despu\u00e9s de luchar por m\u00e1s de 10 a\u00f1os contra una grave enfermedad como es la fibrosis pulmonar.<\/p>\n<p>Desde hace una semana se encontraba internado en una cl\u00ednica en Machala y varios personajes p\u00fablicos hab\u00edan expresado su preocupaci\u00f3n; su liderazgo fue lo suficientemente fuerte como para tener detractores y adeptos de su propio partido y de otras tiendas pol\u00edticas, por ello recibi\u00f3 la visita tanto del presidente Guillermo Lasso como del l\u00edder socialcristiano Jaime Nebot<\/p>\n<p>La\u00a0Alcald\u00eda de Machala, en nombre de su titular Dar\u00edo Macas, lament\u00f3 el fallecimiento de Falquez Batallas, quien uvo vida pol\u00edtica activa hasta el 2022 cuando fue legislador<\/p>\n<p>\u00abHa muerto Carlos Falquez Batallas, redentor de Machala y permanente servidor de El Oro y del Ecuador. Hombre din\u00e1mico, de grandes ejecutorias y recia personalidad, con quien -entre much\u00edsimas coincidencias y pocas discrepancias- consolidamos una estrecha amistad y un equipo de acci\u00f3n y servicio a la comunidad por casi 40 a\u00f1os. Que Dios lo tenga en su gloria. Un fuerte abrazo solidario a su esposa Myrian, sus hijos Carlos, Andrea, Juan Jos\u00e9 y Jos\u00e9 Andr\u00e9s y a Machala y El Oro\u00bb, puso en sus redes sociales el ex alcalde de Guayaquil, Jaime Nebot Saadi.<\/p>\n<p>Radio CRE Satelital, expresa su profunda nota de pesar al pueblo orense y a toda su familia. Paz en su tumba.<\/p>\n","protected":false},"excerpt":{"rendered":"<p>Guayaquil.- El exalcalde de Machala dos ocasiones, cuatro veces diputado, dos veces asambleista, gobernador, prefecto, l\u00edder del Partido Social Cristiano en la provincia de El Oro, el fue Carlos Falquez Batallas, quien hoy, a los 81 a\u00f1os falleci\u00f3 despu\u00e9s de luchar por m\u00e1s de 10 a\u00f1os contra una grave enfermedad como es la fibrosis pulmonar. [&hellip;]<\/p>\n","protected":false},"author":3,"featured_media":3295,"comment_status":"open","ping_status":"closed","sticky":false,"template":"","format":"standard","meta":{"_jetpack_memberships_contains_paid_content":false,"footnotes":""},"categories":[13],"tags":[],"class_list":["post-3294","post","type-post","status-publish","format-standard","has-post-thumbnail","hentry","category-noticias-nacionales"],"jetpack_featured_media_url":"https:\/\/radiocresatelital.com\/wp-content\/uploads\/2023\/08\/carlos-falquez-batallas.jpg","jetpack_sharing_enabled":true,"_links":{"self":[{"href":"https:\/\/radiocresatelital.com\/index.php?rest_route=\/wp\/v2\/posts\/3294","targetHints":{"allow":["GET"]}}],"collection":[{"href":"https:\/\/radiocresatelital.com\/index.php?rest_route=\/wp\/v2\/posts"}],"about":[{"href":"https:\/\/radiocresatelital.com\/index.php?rest_route=\/wp\/v2\/types\/post"}],"author":[{"embeddable":true,"href":"https:\/\/radiocresatelital.com\/index.php?rest_route=\/wp\/v2\/users\/3"}],"replies":[{"embeddable":true,"href":"https:\/\/radiocresatelital.com\/index.php?rest_route=%2Fwp%2Fv2%2Fcomments&post=3294"}],"version-history":[{"count":1,"href":"https:\/\/radiocresatelital.com\/index.php?rest_route=\/wp\/v2\/posts\/3294\/revisions"}],"predecessor-version":[{"id":3296,"href":"https:\/\/radiocresatelital.com\/index.php?rest_route=\/wp\/v2\/posts\/3294\/revisions\/3296"}],"wp:featuredmedia":[{"embeddable":true,"href":"https:\/\/radiocresatelital.com\/index.php?rest_route=\/wp\/v2\/media\/3295"}],"wp:attachment":[{"href":"https:\/\/radiocresatelital.com\/index.php?rest_route=%2Fwp%2Fv2%2Fmedia&parent=3294"}],"wp:term":[{"taxonomy":"category","embeddable":true,"href":"https:\/\/radiocresatelital.com\/index.php?rest_route=%2Fwp%2Fv2%2Fcategories&post=3294"},{"taxonomy":"post_tag","embeddable":true,"href":"https:\/\/radiocresatelital.com\/index.php?rest_route=%2Fwp%2Fv2%2Ftags&post=3294"}],"curies":[{"name":"wp","href":"https:\/\/api.w.org\/{rel}","templated":true}]}}