{"id":32937,"date":"2025-07-31T17:57:38","date_gmt":"2025-07-31T17:57:38","guid":{"rendered":"https:\/\/radiocresatelital.com\/?p=32937"},"modified":"2025-07-31T20:59:45","modified_gmt":"2025-07-31T20:59:45","slug":"continental-tire-desafia-las-distancias-impulsando-la-conexion-y-experiencias-reales-con-sus-dos-nuevas-campanas-publicitarias","status":"publish","type":"post","link":"https:\/\/radiocresatelital.com\/?p=32937","title":{"rendered":"Continental Tire desaf\u00eda las distancias impulsando la \u201cconexi\u00f3n y experiencias reales\u201d con sus dos nuevas campa\u00f1as publicitarias"},"content":{"rendered":"<p>Quito. \u2014 En un mundo cada vez m\u00e1s dominado por las pantallas y la desconexi\u00f3n con la realidad, Continental Tire Andina presenta dos nuevas campa\u00f1as que coinciden en una misma premisa: volver a conectar con lo que m\u00e1s importa volviendo a la realidad y compartiendo experiencias \u00fanicas. Con estas propuestas, la firma apuesta por una movilidad m\u00e1s humana, m\u00e1s cercana, m\u00e1s v\u00edvida.<\/p>\n<p>La campa\u00f1a de Continental Tire surge como una invitaci\u00f3n directa a salir de la rutina digital y reconectarse con el mundo real. Bajo el concepto \u201cLa vida te invita \u2192 Vamos con Continental\u201d, se plantea una visi\u00f3n distinta del rol que juega la movilidad en la vida de las personas.<\/p>\n<p>De esta manera, la marca reconoce que no se trata solo de hablar de tecnolog\u00eda o rendimiento como l\u00edderes del sector, sino de entender que cada trayecto inicia con una decisi\u00f3n: salir y vivir. Las piezas audiovisuales muestran ese contraste entre la vida atrapada en pantallas y el mundo que ocurre fuera del celular: viajes familiares, encuentros, trayectos cotidianos que se vuelven momentos clave.<\/p>\n<p>\u201cEl movimiento conecta personas, crea memorias y da origen a las historias que marcan nuestras vidas. Y en ese proceso, Continental acompa\u00f1a con confianza, seguridad y tecnolog\u00eda alemana\u201d, menciona Santiago Chiriboga, vocero de Continental Tire Andina.<\/p>\n<p>La campa\u00f1a tambi\u00e9n introduce un lenguaje visual renovado: m\u00e1s din\u00e1mico, moderno y cercano. Adem\u00e1s, resalta los atributos que hacen de Continental una marca confiable en Ecuador: seguridad ante condiciones dif\u00edciles, durabilidad, sostenibilidad y eficiencia.<\/p>\n<p>Por su parte, la campa\u00f1a de General Tire llega con un tono m\u00e1s desafiante y visceral. #CualquierHistoriaEsPosible para hablar de esas historias que nadie cree, hasta que se cuentan. Aventuras que no se planearon, pero se vivieron intensamente. Y que quedan marcadas no solo en la memoria, sino en una cicatriz, un recorrido GPS y unas llantas que fueron testigo.<\/p>\n<p>La campa\u00f1a rinde homenaje a quienes no siguen el camino trazado, a los que se pierden para encontrarse. A los que toman decisiones r\u00e1pidas y eligen experiencias reales, sin filtros.<\/p>\n<p>\u201cEn tiempos de redes, las historias que valen no solo se viven. Se prueban, se comparten, se muestran. Y para eso, necesitamos confianza en cada kil\u00f3metro recorrido. De eso se trata General Tire\u201d, destaca Santiago Chiriboga, portavoz de la marca.<\/p>\n<p>Con microhistorias reales, lenguaje \u00e1gil y una est\u00e9tica dise\u00f1ada para generar identificaci\u00f3n, la campa\u00f1a conecta con una audiencia que busca libertad, adrenalina y autenticidad en cada salida.<\/p>\n<p>Las 2 campa\u00f1as reflejan el enfoque renovado de Continental Tire Andina: promover una movilidad que no solo responda a necesidades t\u00e9cnicas, sino que acompa\u00f1e la vida cotidiana de las personas, fomente la conexi\u00f3n real y potencie experiencias \u00fanicas.<\/p>\n<p>Este doble lanzamiento reafirma el compromiso de la marca con las familias ecuatorianas, ofreci\u00e9ndoles productos confiables y campa\u00f1as con sentido, pensadas para quienes ven en el camino m\u00e1s que un punto de llegada: una oportunidad de reconectar, vivir y contar nuevas historias.<\/p>\n","protected":false},"excerpt":{"rendered":"<p>Quito. \u2014 En un mundo cada vez m\u00e1s dominado por las pantallas y la desconexi\u00f3n con la realidad, Continental Tire Andina presenta dos nuevas campa\u00f1as que coinciden en una misma premisa: volver a conectar con lo que m\u00e1s importa volviendo a la realidad y compartiendo experiencias \u00fanicas. Con estas propuestas, la firma apuesta por una [&hellip;]<\/p>\n","protected":false},"author":2,"featured_media":32938,"comment_status":"open","ping_status":"closed","sticky":false,"template":"","format":"standard","meta":{"_jetpack_memberships_contains_paid_content":false,"footnotes":""},"categories":[13],"tags":[470],"class_list":["post-32937","post","type-post","status-publish","format-standard","has-post-thumbnail","hentry","category-noticias-nacionales","tag-continental-tire"],"jetpack_featured_media_url":"https:\/\/radiocresatelital.com\/wp-content\/uploads\/2025\/07\/HD.00_18_26_27.Still010.jpg","jetpack_sharing_enabled":true,"_links":{"self":[{"href":"https:\/\/radiocresatelital.com\/index.php?rest_route=\/wp\/v2\/posts\/32937","targetHints":{"allow":["GET"]}}],"collection":[{"href":"https:\/\/radiocresatelital.com\/index.php?rest_route=\/wp\/v2\/posts"}],"about":[{"href":"https:\/\/radiocresatelital.com\/index.php?rest_route=\/wp\/v2\/types\/post"}],"author":[{"embeddable":true,"href":"https:\/\/radiocresatelital.com\/index.php?rest_route=\/wp\/v2\/users\/2"}],"replies":[{"embeddable":true,"href":"https:\/\/radiocresatelital.com\/index.php?rest_route=%2Fwp%2Fv2%2Fcomments&post=32937"}],"version-history":[{"count":1,"href":"https:\/\/radiocresatelital.com\/index.php?rest_route=\/wp\/v2\/posts\/32937\/revisions"}],"predecessor-version":[{"id":32939,"href":"https:\/\/radiocresatelital.com\/index.php?rest_route=\/wp\/v2\/posts\/32937\/revisions\/32939"}],"wp:featuredmedia":[{"embeddable":true,"href":"https:\/\/radiocresatelital.com\/index.php?rest_route=\/wp\/v2\/media\/32938"}],"wp:attachment":[{"href":"https:\/\/radiocresatelital.com\/index.php?rest_route=%2Fwp%2Fv2%2Fmedia&parent=32937"}],"wp:term":[{"taxonomy":"category","embeddable":true,"href":"https:\/\/radiocresatelital.com\/index.php?rest_route=%2Fwp%2Fv2%2Fcategories&post=32937"},{"taxonomy":"post_tag","embeddable":true,"href":"https:\/\/radiocresatelital.com\/index.php?rest_route=%2Fwp%2Fv2%2Ftags&post=32937"}],"curies":[{"name":"wp","href":"https:\/\/api.w.org\/{rel}","templated":true}]}}