{"id":32896,"date":"2025-07-31T18:51:49","date_gmt":"2025-07-31T18:51:49","guid":{"rendered":"https:\/\/radiocresatelital.com\/?p=32896"},"modified":"2025-07-31T18:51:49","modified_gmt":"2025-07-31T18:51:49","slug":"puna-vivio-una-sesion-historica-del-concejo-municipal-con-liderazgo-de-aquiles-alvarez","status":"publish","type":"post","link":"https:\/\/radiocresatelital.com\/?p=32896","title":{"rendered":"Pun\u00e1 vivi\u00f3 una sesi\u00f3n hist\u00f3rica del Concejo Municipal con liderazgo de Aquiles Alvarez"},"content":{"rendered":"<p>Guayaquil.- Por primera vez, el Concejo Municipal de Guayaquil sesion\u00f3 en una parroquia rural. Durante la hist\u00f3rica jornada se aprobaron normativas clave y se anunciaron obras que apuntan al desarrollo integral del territorio.<\/p>\n<p>La sesi\u00f3n estuvo liderada por el alcalde Aquiles Alvarez, quien resalt\u00f3 la trascendencia del encuentro frente a decenas de habitantes que se congregaron en la comuna Pun\u00e1 Baja. \u201cEs hist\u00f3rico que un Concejo sesione con ustedes, que los escuche, que est\u00e9 en territorio\u201d, expres\u00f3 el Burgomaestre, tras inaugurar la nueva Unidad M\u00e9dica Municipal, infraestructura que ya brinda atenci\u00f3n a la comunidad.<\/p>\n<p>El Alcalde escuch\u00f3 de primera mano las necesidades de los ciudadanos, entre ellos Grace Reyes, habitante de Barrio Lindo, quien solicit\u00f3 mejoras. En respuesta, anunci\u00f3 que en los pr\u00f3ximos 60 d\u00edas se instalar\u00e1n luminarias solares en Puerto la Cruz, Puerto Salinas, Puerto Libertad y Puerto Roma. Adem\u00e1s, agreg\u00f3 que se est\u00e1 rehabilitando el muelle, estructura que \u201cestaba totalmente destrozada\u201d. \u201cOtro tema importante: el estudio para conectar Pun\u00e1 Baja con Pun\u00e1 Alta, que supera los USD 900.00, est\u00e1 ya en la fase final de estudio para que pueda ser elevado al portal de compras p\u00fablicas, con eso nos vamos ahorrar 15 km de vuelta\u201d, acot\u00f3.<\/p>\n<p>En el \u00e1mbito normativo, se aprob\u00f3 en primer debate la derogatoria de la Ordenanza que autorizaba la concesi\u00f3n para la administraci\u00f3n del Museo Nacional del Cacao. La vicealcaldesa Tatiana Coronel explic\u00f3 que esta medida responde a la extinci\u00f3n de la Empresa P\u00fablica de Turismo. \u201cEsta derogatoria dar\u00e1 paso a la empresa de Turismo y Eventos Especiales a promover una gesti\u00f3n de una forma correcta\u201d, sostuvo.<\/p>\n<p>Asimismo, en segundo debate, el Concejo ampli\u00f3 hasta el 31 de julio de 2026 el plazo para la regularizaci\u00f3n de rejas en la v\u00eda p\u00fablica, como parte de la segunda reforma a la Ordenanza que regula la ocupaci\u00f3n de estos espacios con elementos de seguridad.<\/p>\n<p>La jornada cerr\u00f3 con un emotivo reconocimiento del presidente de la Junta Parroquial, Anderson Ch\u00e1vez, al alcalde Alvarez, \u201cpor el arduo trabajo, esta placa significa lucha, equidad y unidad para seguir trabajando por el desarrollo de nuestra parroquia Pun\u00e1\u201d.<\/p>\n","protected":false},"excerpt":{"rendered":"<p>Guayaquil.- Por primera vez, el Concejo Municipal de Guayaquil sesion\u00f3 en una parroquia rural. Durante la hist\u00f3rica jornada se aprobaron normativas clave y se anunciaron obras que apuntan al desarrollo integral del territorio. La sesi\u00f3n estuvo liderada por el alcalde Aquiles Alvarez, quien resalt\u00f3 la trascendencia del encuentro frente a decenas de habitantes que se [&hellip;]<\/p>\n","protected":false},"author":2,"featured_media":32897,"comment_status":"open","ping_status":"closed","sticky":false,"template":"","format":"standard","meta":{"_jetpack_memberships_contains_paid_content":false,"footnotes":""},"categories":[33,13],"tags":[2157],"class_list":["post-32896","post","type-post","status-publish","format-standard","has-post-thumbnail","hentry","category-guayaquil","category-noticias-nacionales","tag-concejo-municipal"],"jetpack_featured_media_url":"https:\/\/radiocresatelital.com\/wp-content\/uploads\/2025\/07\/alcalde-aquiles-alvarez-anuncio-obras-sector-suburbio-primera-sesion-concejo-municipal2.jpg","jetpack_sharing_enabled":true,"_links":{"self":[{"href":"https:\/\/radiocresatelital.com\/index.php?rest_route=\/wp\/v2\/posts\/32896","targetHints":{"allow":["GET"]}}],"collection":[{"href":"https:\/\/radiocresatelital.com\/index.php?rest_route=\/wp\/v2\/posts"}],"about":[{"href":"https:\/\/radiocresatelital.com\/index.php?rest_route=\/wp\/v2\/types\/post"}],"author":[{"embeddable":true,"href":"https:\/\/radiocresatelital.com\/index.php?rest_route=\/wp\/v2\/users\/2"}],"replies":[{"embeddable":true,"href":"https:\/\/radiocresatelital.com\/index.php?rest_route=%2Fwp%2Fv2%2Fcomments&post=32896"}],"version-history":[{"count":1,"href":"https:\/\/radiocresatelital.com\/index.php?rest_route=\/wp\/v2\/posts\/32896\/revisions"}],"predecessor-version":[{"id":32898,"href":"https:\/\/radiocresatelital.com\/index.php?rest_route=\/wp\/v2\/posts\/32896\/revisions\/32898"}],"wp:featuredmedia":[{"embeddable":true,"href":"https:\/\/radiocresatelital.com\/index.php?rest_route=\/wp\/v2\/media\/32897"}],"wp:attachment":[{"href":"https:\/\/radiocresatelital.com\/index.php?rest_route=%2Fwp%2Fv2%2Fmedia&parent=32896"}],"wp:term":[{"taxonomy":"category","embeddable":true,"href":"https:\/\/radiocresatelital.com\/index.php?rest_route=%2Fwp%2Fv2%2Fcategories&post=32896"},{"taxonomy":"post_tag","embeddable":true,"href":"https:\/\/radiocresatelital.com\/index.php?rest_route=%2Fwp%2Fv2%2Ftags&post=32896"}],"curies":[{"name":"wp","href":"https:\/\/api.w.org\/{rel}","templated":true}]}}