{"id":32893,"date":"2025-07-31T18:45:04","date_gmt":"2025-07-31T18:45:04","guid":{"rendered":"https:\/\/radiocresatelital.com\/?p=32893"},"modified":"2025-07-31T18:45:04","modified_gmt":"2025-07-31T18:45:04","slug":"unidad-medica-agua-potable-y-muelle-rehabilitado-marcan-un-nuevo-comienzo-para-puna","status":"publish","type":"post","link":"https:\/\/radiocresatelital.com\/?p=32893","title":{"rendered":"Unidad M\u00e9dica, agua potable y muelle rehabilitado marcan un nuevo comienzo para Pun\u00e1"},"content":{"rendered":"<p>Guayaquil.- Despu\u00e9s de d\u00e9cadas sin servicios m\u00e9dicos permanentes, la Isla Pun\u00e1 escribe una nueva p\u00e1gina en su historia. Desde hoy, m\u00e1s de 18.000 habitantes cuentan con la primera Unidad M\u00e9dica Municipal, un espacio moderno y completamente equipado que simboliza dignidad, equidad y reparaci\u00f3n social.<\/p>\n<p>La inauguraci\u00f3n, realizada este 31 de julio, marca un antes y un despu\u00e9s para esta parroquia rural ubicada a 124 km del centro de Guayaquil. Consultorios, laboratorios, farmacia, atenci\u00f3n odontol\u00f3gica, obst\u00e9trica, de enfermer\u00eda y medicina general ahora est\u00e1n al alcance de la comunidad. Tambi\u00e9n se ofrecen servicios veterinarios gratuitos, como consulta, desparasitaci\u00f3n y vacunaci\u00f3n. Se prev\u00e9 atender 600 personas al mes.<\/p>\n<p>El Burgomaestre destac\u00f3 que esta Unidad debi\u00f3 ser inaugurada en julio de 2022 y se la encontr\u00f3 en estado de abandono. \u201cLa inversi\u00f3n, solo en obra de la Unidad M\u00e9dica son USD 2.5 millones m\u00e1s equipamiento son USD 1 mill\u00f3n (\u2026) vamos a tener atenciones de primer nivel\u201d, dijo.<\/p>\n<p><img decoding=\"async\" src=\"https:\/\/guayaquil.gob.ec\/wp-content\/uploads\/2025\/07\/unidad-medica-agua-potable-muelle-rehabilitado-marcan-nuevo-comienzo-puna1.jpg\" alt=\"Unidad M\u00e9dica, agua potable y muelle rehabilitado marcan un nuevo comienzo  para Pun\u00e1 \u2013 Alcald\u00eda de Guayaquil\" \/><br \/>\nEl complejo m\u00e9dico se levanta sobre un terreno de 9.850 m\u00b2 en la comuna Pun\u00e1 Baja. Alberga cuatro edificaciones principales: el \u00e1rea m\u00e9dica, un \u00c1rea Territorial Inclusiva (ATI), una sala de usos m\u00faltiples de la DASE y la unidad veterinaria. Las construcciones secundarias corresponden al cuarto de regeneradores y al cuarto de bombas.<\/p>\n<p>Tambi\u00e9n se incluye un helipuerto para emergencias, una planta de tratamiento de aguas residuales y espacio para veh\u00edculos. Vicenta Aguayo, de 69 a\u00f1os, relat\u00f3 que esta inauguraci\u00f3n pone fin a a\u00f1os de angustia. Cada vez que enfrentaban una emergencia m\u00e9dica, deb\u00edan buscar un bote para trasladar al paciente hasta el Guayaquil urbano, en un viaje que pod\u00eda costar hasta USD 60. \u201cAqu\u00ed los llev\u00e1bamos al subcentro y no hay medicina, no hay atenci\u00f3n (\u2026) nos tocaba llevarlos a Guayaquil, son muchas horas, en lo posible llegaba ya sin vida\u2026 agradecemos por esta obra para los habitantes de la Isla Pun\u00e1\u201d, enfatiz\u00f3.<\/p>\n<p><strong>La transformaci\u00f3n es integral<\/strong><br \/>\nEl alcalde destac\u00f3 que esta obra forma parte de un proyecto integral que busca mejorar la dignidad de los ciudadanos de esta parroquia rural. Como parte de ese esfuerzo, a trav\u00e9s de Emapag EP, se invirtieron cerca de USD 4,3 millones en la construcci\u00f3n de un sistema de abastecimiento de agua potable que beneficia a 6.000 habitantes de las comunidades R\u00edo Hondo, Campo Alegre, Estero de Boca, Cauchiche, Bellavista, Subida Alta y Pun\u00e1 Vieja.<\/p>\n<p>Adicionalmente, se ejecuta la rehabilitaci\u00f3n del muelle municipal de Pun\u00e1, con una inversi\u00f3n de USD 22.000. El objetivo es mantener su funcionalidad, seguridad y durabilidad, lo que permitir\u00e1 prevenir fallas, mejorar su rendimiento, evitar accidentes y prolongar la vida \u00fatil de la estructura.<\/p>\n<p>Esta obra clave fortalecer\u00e1 la conectividad fluvial de la isla con el continente. Con estas acciones, la Municipalidad reafirma su visi\u00f3n de una ciudad incluyente, conectada y con servicios dignos para todos sus habitantes, sin importar la distancia.<\/p>\n","protected":false},"excerpt":{"rendered":"<p>Guayaquil.- Despu\u00e9s de d\u00e9cadas sin servicios m\u00e9dicos permanentes, la Isla Pun\u00e1 escribe una nueva p\u00e1gina en su historia. Desde hoy, m\u00e1s de 18.000 habitantes cuentan con la primera Unidad M\u00e9dica Municipal, un espacio moderno y completamente equipado que simboliza dignidad, equidad y reparaci\u00f3n social. La inauguraci\u00f3n, realizada este 31 de julio, marca un antes y [&hellip;]<\/p>\n","protected":false},"author":2,"featured_media":32894,"comment_status":"open","ping_status":"closed","sticky":false,"template":"","format":"standard","meta":{"_jetpack_memberships_contains_paid_content":false,"footnotes":""},"categories":[13],"tags":[5241],"class_list":["post-32893","post","type-post","status-publish","format-standard","has-post-thumbnail","hentry","category-noticias-nacionales","tag-unidad-medica-municipal"],"jetpack_featured_media_url":"https:\/\/radiocresatelital.com\/wp-content\/uploads\/2025\/07\/unidad-medica-agua-potable-muelle-rehabilitado-marcan-nuevo-comienzo-puna5.jpg","jetpack_sharing_enabled":true,"_links":{"self":[{"href":"https:\/\/radiocresatelital.com\/index.php?rest_route=\/wp\/v2\/posts\/32893","targetHints":{"allow":["GET"]}}],"collection":[{"href":"https:\/\/radiocresatelital.com\/index.php?rest_route=\/wp\/v2\/posts"}],"about":[{"href":"https:\/\/radiocresatelital.com\/index.php?rest_route=\/wp\/v2\/types\/post"}],"author":[{"embeddable":true,"href":"https:\/\/radiocresatelital.com\/index.php?rest_route=\/wp\/v2\/users\/2"}],"replies":[{"embeddable":true,"href":"https:\/\/radiocresatelital.com\/index.php?rest_route=%2Fwp%2Fv2%2Fcomments&post=32893"}],"version-history":[{"count":1,"href":"https:\/\/radiocresatelital.com\/index.php?rest_route=\/wp\/v2\/posts\/32893\/revisions"}],"predecessor-version":[{"id":32895,"href":"https:\/\/radiocresatelital.com\/index.php?rest_route=\/wp\/v2\/posts\/32893\/revisions\/32895"}],"wp:featuredmedia":[{"embeddable":true,"href":"https:\/\/radiocresatelital.com\/index.php?rest_route=\/wp\/v2\/media\/32894"}],"wp:attachment":[{"href":"https:\/\/radiocresatelital.com\/index.php?rest_route=%2Fwp%2Fv2%2Fmedia&parent=32893"}],"wp:term":[{"taxonomy":"category","embeddable":true,"href":"https:\/\/radiocresatelital.com\/index.php?rest_route=%2Fwp%2Fv2%2Fcategories&post=32893"},{"taxonomy":"post_tag","embeddable":true,"href":"https:\/\/radiocresatelital.com\/index.php?rest_route=%2Fwp%2Fv2%2Ftags&post=32893"}],"curies":[{"name":"wp","href":"https:\/\/api.w.org\/{rel}","templated":true}]}}