{"id":32890,"date":"2025-07-31T18:39:30","date_gmt":"2025-07-31T18:39:30","guid":{"rendered":"https:\/\/radiocresatelital.com\/?p=32890"},"modified":"2025-07-31T18:39:30","modified_gmt":"2025-07-31T18:39:30","slug":"prefecta-aguinaga-aclara-medidas-en-obra-suspendida-de-los-ceibos","status":"publish","type":"post","link":"https:\/\/radiocresatelital.com\/?p=32890","title":{"rendered":"Prefecta Agui\u00f1aga aclara medidas en obra suspendida de Los Ceibos"},"content":{"rendered":"<p><span style=\"font-weight: 400;\">Guayaquil.- En rueda de prensa, la Prefecta Marcela Agui\u00f1aga aclar\u00f3 algunos puntos relevantes en torno a la desinformaci\u00f3n que circula en redes sociales por las medidas ejecutadas al proyecto de construcci\u00f3n del paso elevado (puente vehicular) en la avenida del Bombero, en el sector de Los Ceibos, en Guayaquil. En su intervenci\u00f3n, fue enf\u00e1tica en se\u00f1alar que como autoridad de esta provincia no se prestar\u00e1 para m\u00e1s confrontaci\u00f3n \u201cque no construye, que no suma, que no resuelve\u201d.<\/span><\/p>\n<p><span style=\"font-weight: 400;\">En cuanto al sustento legal, Agui\u00f1aga dijo que la verdad jur\u00eddica es que no se ha revocado ning\u00fan permiso ambiental, sino una suspensi\u00f3n provisional que responde a una disposici\u00f3n emitida por el Ministerio de Ambiente, Agua y Transici\u00f3n Ecol\u00f3gica (MAATE), ente rector de la pol\u00edtica ambiental.\u00a0 Explic\u00f3 que existe una medida preventiva conocida como procedimiento administrativo sancionatorio contra el Municipio de Guayaquil por, presuntamente, haber entregado informaci\u00f3n incorrecta al momento de obtener el registro ambiental.\u00a0\u00a0<\/span><\/p>\n<p><span style=\"font-weight: 400;\">As\u00ed, se decidi\u00f3 mantener la suspensi\u00f3n de la obra hasta practicar las pruebas que demuestren si existe o no impacto ambiental negativo de esta obra.\u00a0 Desde el 28 de julio que fue notificado el Municipio de Guayaquil, corren 10 d\u00edas h\u00e1biles para que dicha instituci\u00f3n pueda presentar sus alegatos y pruebas que demuestren que los datos entregados fueron correctos. Hasta el momento, no lo ha hecho. \u201cVamos a actuar con firmeza, con pruebas, con criterio t\u00e9cnico. No con gritos ni presiones\u201d, puntualiz\u00f3 Agui\u00f1aga.<\/span><\/p>\n<p><span style=\"font-weight: 400;\">Adem\u00e1s, se\u00f1al\u00f3 que \u201csi el Ministerio del Ambiente no logra probar que hubo da\u00f1o ambiental, y el Municipio logra demostrar que actu\u00f3 con transparencia en la informaci\u00f3n que entreg\u00f3, la medida se levantar\u00e1. (porque) As\u00ed funciona el debido proceso, el Derecho\u201d.<\/span><\/p>\n<p><span style=\"font-weight: 400;\">Tambi\u00e9n fue enf\u00e1tica en puntualizar que la Prefectura del Guayas administrar\u00e1 justicia administrativa con autonom\u00eda, con independencia e imparcialidad. En otras palabras, tomar\u00e1 su propia decisi\u00f3n en base a pruebas y evidencias, garantizando en todo momento el debido proceso al Municipio de Guayaquil. \u201cLas decisiones no se toman con narrativas pol\u00edticas, se toman con pruebas t\u00e9cnicas\u201d, concluy\u00f3.<\/span><\/p>\n","protected":false},"excerpt":{"rendered":"<p>Guayaquil.- En rueda de prensa, la Prefecta Marcela Agui\u00f1aga aclar\u00f3 algunos puntos relevantes en torno a la desinformaci\u00f3n que circula en redes sociales por las medidas ejecutadas al proyecto de construcci\u00f3n del paso elevado (puente vehicular) en la avenida del Bombero, en el sector de Los Ceibos, en Guayaquil. En su intervenci\u00f3n, fue enf\u00e1tica en [&hellip;]<\/p>\n","protected":false},"author":2,"featured_media":32891,"comment_status":"open","ping_status":"closed","sticky":false,"template":"","format":"standard","meta":{"_jetpack_memberships_contains_paid_content":false,"footnotes":""},"categories":[13],"tags":[2699],"class_list":["post-32890","post","type-post","status-publish","format-standard","has-post-thumbnail","hentry","category-noticias-nacionales","tag-prefecta-marcela-aguinaga"],"jetpack_featured_media_url":"https:\/\/radiocresatelital.com\/wp-content\/uploads\/2025\/07\/WhatsApp-Image-2025-07-31-at-11.13.15.jpeg","jetpack_sharing_enabled":true,"_links":{"self":[{"href":"https:\/\/radiocresatelital.com\/index.php?rest_route=\/wp\/v2\/posts\/32890","targetHints":{"allow":["GET"]}}],"collection":[{"href":"https:\/\/radiocresatelital.com\/index.php?rest_route=\/wp\/v2\/posts"}],"about":[{"href":"https:\/\/radiocresatelital.com\/index.php?rest_route=\/wp\/v2\/types\/post"}],"author":[{"embeddable":true,"href":"https:\/\/radiocresatelital.com\/index.php?rest_route=\/wp\/v2\/users\/2"}],"replies":[{"embeddable":true,"href":"https:\/\/radiocresatelital.com\/index.php?rest_route=%2Fwp%2Fv2%2Fcomments&post=32890"}],"version-history":[{"count":1,"href":"https:\/\/radiocresatelital.com\/index.php?rest_route=\/wp\/v2\/posts\/32890\/revisions"}],"predecessor-version":[{"id":32892,"href":"https:\/\/radiocresatelital.com\/index.php?rest_route=\/wp\/v2\/posts\/32890\/revisions\/32892"}],"wp:featuredmedia":[{"embeddable":true,"href":"https:\/\/radiocresatelital.com\/index.php?rest_route=\/wp\/v2\/media\/32891"}],"wp:attachment":[{"href":"https:\/\/radiocresatelital.com\/index.php?rest_route=%2Fwp%2Fv2%2Fmedia&parent=32890"}],"wp:term":[{"taxonomy":"category","embeddable":true,"href":"https:\/\/radiocresatelital.com\/index.php?rest_route=%2Fwp%2Fv2%2Fcategories&post=32890"},{"taxonomy":"post_tag","embeddable":true,"href":"https:\/\/radiocresatelital.com\/index.php?rest_route=%2Fwp%2Fv2%2Ftags&post=32890"}],"curies":[{"name":"wp","href":"https:\/\/api.w.org\/{rel}","templated":true}]}}