{"id":32860,"date":"2025-07-30T19:16:34","date_gmt":"2025-07-30T19:16:34","guid":{"rendered":"https:\/\/radiocresatelital.com\/?p=32860"},"modified":"2025-07-30T19:16:34","modified_gmt":"2025-07-30T19:16:34","slug":"movistar-best-pc-quedo-listo-para-la-vuelta-a-colombia","status":"publish","type":"post","link":"https:\/\/radiocresatelital.com\/?p=32860","title":{"rendered":"Movistar Best PC qued\u00f3 listo para la Vuelta a Colombia"},"content":{"rendered":"<p>Quito.- Liderados por el ciclista colombiano Carlos Guti\u00e9rrez, el Movistar Best PC qued\u00f3 listo para ser protagonista en la edici\u00f3n 75 de la Vuelta a Colombia, que se llevar\u00e1 a cabo del 1 al 10 de agosto y que recorrer\u00e1 m\u00e1s de 1.822 kil\u00f3metros.<\/p>\n<p>La n\u00f3mina del \u00fanico conjunto continental ecuatoriano la completan los tricolores Byron Guam\u00e1, Richard Huera, Santiago Montenegro, Brayan Obando, Luis Monteros y Pablo Caicedo, quienes ser\u00e1n dirigidos por Anderson Padilla.<\/p>\n<p>\u201cJunto con mis compa\u00f1eros y el staff t\u00e9cnico nos hemos preparado muy bien y se han llevado a cabo entrenamientos pensando en destacar y ser grandes protagonistas en esta bonita carrera, que tiene una gran variedad de terreno y clima\u201d, coment\u00f3 el cafetero.<\/p>\n<p>El Patr\u00f3n, como se lo conoce a Guam\u00e1 en el pelot\u00f3n ecuatoriano, ratific\u00f3 lo dicho por su compa\u00f1ero. \u201cCon el equipo creo que hemos hecho una buena preparaci\u00f3n, sabemos que la Vuelta es muy dura, pero esperamos que nos vaya de lo mejor all\u00e1\u201d.<\/p>\n<p>La Vuelta a Colombia, que se disputa de manera ininterrumpida desde 1951, iniciar\u00e1 en el departamento de Casanare y recorrer\u00e1, adem\u00e1s los distritos de Boyac\u00e1, Cundinamarca, Tolima, Quind\u00edo y Valle.<\/p>\n<p>Ante esto Byron, cuatro veces campe\u00f3n de la Vuelta al Ecuador, evalu\u00f3 el recorrido de la competencia cafetera. \u201cTiene un trayecto bastante exigente, sin embargo, creo que como equipo podemos hacer grandes cosas\u201d, dijo.<\/p>\n<p>Mientras que Calguba, como tambi\u00e9n es conocido Guti\u00e9rrez, a\u00f1adi\u00f3 que \u201ccomo todos los a\u00f1os la Vuelta a Colombia siempre tiene una altimetr\u00eda bastante dura y las sensaciones son excelentes para hacerlo muy bien. Estamos motivados y lucharemos hasta cada final de etapa\u201d, asegur\u00f3.<\/p>\n<p>En cuanto a los objetivos grupales e individuales, Montenegro, campe\u00f3n de los premios de monta\u00f1a de la ronda cafetera en 2022, remarc\u00f3 que \u201cese t\u00edtulo nos ense\u00f1\u00f3 que si se puede ganar una camiseta en tan prestigiosa carrera y en esta ocasi\u00f3n lo volveremos a intentar\u201d.<\/p>\n<p>El <strong>Movistar Best PC <\/strong>viaj\u00f3 a Colombia la madrugada de este mi\u00e9rcoles para formar parte de todo el protocolo del evento, como es la presentaci\u00f3n de equipos, prevista para este jueves y dar inicio a la primera etapa el viernes.<\/p>\n","protected":false},"excerpt":{"rendered":"<p>Quito.- Liderados por el ciclista colombiano Carlos Guti\u00e9rrez, el Movistar Best PC qued\u00f3 listo para ser protagonista en la edici\u00f3n 75 de la Vuelta a Colombia, que se llevar\u00e1 a cabo del 1 al 10 de agosto y que recorrer\u00e1 m\u00e1s de 1.822 kil\u00f3metros. La n\u00f3mina del \u00fanico conjunto continental ecuatoriano la completan los tricolores [&hellip;]<\/p>\n","protected":false},"author":2,"featured_media":32861,"comment_status":"open","ping_status":"closed","sticky":false,"template":"","format":"standard","meta":{"_jetpack_memberships_contains_paid_content":false,"footnotes":""},"categories":[120,9],"tags":[1029],"class_list":["post-32860","post","type-post","status-publish","format-standard","has-post-thumbnail","hentry","category-ciclismo","category-deportes","tag-movistar-best-pc"],"jetpack_featured_media_url":"https:\/\/radiocresatelital.com\/wp-content\/uploads\/2025\/07\/WhatsApp-Image-2025-07-30-at-10.54.13.jpeg","jetpack_sharing_enabled":true,"_links":{"self":[{"href":"https:\/\/radiocresatelital.com\/index.php?rest_route=\/wp\/v2\/posts\/32860","targetHints":{"allow":["GET"]}}],"collection":[{"href":"https:\/\/radiocresatelital.com\/index.php?rest_route=\/wp\/v2\/posts"}],"about":[{"href":"https:\/\/radiocresatelital.com\/index.php?rest_route=\/wp\/v2\/types\/post"}],"author":[{"embeddable":true,"href":"https:\/\/radiocresatelital.com\/index.php?rest_route=\/wp\/v2\/users\/2"}],"replies":[{"embeddable":true,"href":"https:\/\/radiocresatelital.com\/index.php?rest_route=%2Fwp%2Fv2%2Fcomments&post=32860"}],"version-history":[{"count":1,"href":"https:\/\/radiocresatelital.com\/index.php?rest_route=\/wp\/v2\/posts\/32860\/revisions"}],"predecessor-version":[{"id":32862,"href":"https:\/\/radiocresatelital.com\/index.php?rest_route=\/wp\/v2\/posts\/32860\/revisions\/32862"}],"wp:featuredmedia":[{"embeddable":true,"href":"https:\/\/radiocresatelital.com\/index.php?rest_route=\/wp\/v2\/media\/32861"}],"wp:attachment":[{"href":"https:\/\/radiocresatelital.com\/index.php?rest_route=%2Fwp%2Fv2%2Fmedia&parent=32860"}],"wp:term":[{"taxonomy":"category","embeddable":true,"href":"https:\/\/radiocresatelital.com\/index.php?rest_route=%2Fwp%2Fv2%2Fcategories&post=32860"},{"taxonomy":"post_tag","embeddable":true,"href":"https:\/\/radiocresatelital.com\/index.php?rest_route=%2Fwp%2Fv2%2Ftags&post=32860"}],"curies":[{"name":"wp","href":"https:\/\/api.w.org\/{rel}","templated":true}]}}