{"id":32856,"date":"2025-07-30T19:11:14","date_gmt":"2025-07-30T19:11:14","guid":{"rendered":"https:\/\/radiocresatelital.com\/?p=32856"},"modified":"2025-07-30T19:11:14","modified_gmt":"2025-07-30T19:11:14","slug":"ecuador-sumo-18-medallas-como-anfitrion-en-el-sudamericano-de-esgrima-2025","status":"publish","type":"post","link":"https:\/\/radiocresatelital.com\/?p=32856","title":{"rendered":"Ecuador sum\u00f3 18 medallas como anfitri\u00f3n en el Sudamericano de Esgrima 2025"},"content":{"rendered":"<p>Quito.- Tras siete jornadas de competencia, concluy\u00f3 el Campeonato Sudamericano de Esgrima Infantil y Veterano 2025 en el Coliseo General Rumi\u00f1ahui de Quito. El evento regres\u00f3 a territorio ecuatoriano luego de 17 a\u00f1os y reuni\u00f3 a m\u00e1s de 200 deportistas provenientes de 10 pa\u00edses del continente.<\/p>\n<p>El certamen fue organizado por la Federaci\u00f3n Ecuatoriana de Esgrima y avalado por la Confederaci\u00f3n Sudamericana de Esgrima.<\/p>\n<p>En cuanto a resultados, Brasil lider\u00f3 el medallero con un total de 54 preseas. Sin embargo, Ecuador cumpli\u00f3 una destacada actuaci\u00f3n al ubicarse en el segundo lugar con 18 medallas: 6 de oro, 9 de plata y 3 de bronce.<\/p>\n<p>La primera presea para el pa\u00eds anfitri\u00f3n lleg\u00f3 en la categor\u00eda Sable Masculino U9, gracias a Benjam\u00edn Castro Ortega, quien obtuvo la medalla de plata en una final re\u00f1ida.<\/p>\n<p><img decoding=\"async\" class=\"aligncenter\" src=\"https:\/\/coe.org.ec\/wp-content\/uploads\/2025\/07\/518403621_1061031382673686_7507807561386704771_n.jpg\" alt=\"518403621_1061031382673686_7507807561386704771_n\" \/><\/p>\n<p>Carlos Echeverr\u00eda, presidente de la Federaci\u00f3n Ecuatoriana de Esgrima, resalt\u00f3 el trabajo realizado con las categor\u00edas formativas: \u201cLas categor\u00edas infantiles han sido una prioridad durante los \u00faltimos a\u00f1os. Hemos trabajado en fomentar los semilleros en las edades U9, U11 y U13, y esta competencia nos permite ver los frutos\u201d.<\/p>\n<p>Entre los nombres destacados de la delegaci\u00f3n nacional estuvo Sol Alejandra Flores, de 11 a\u00f1os, quien valor\u00f3 el nivel del certamen y comparti\u00f3 su experiencia en la competencia: \u201cHa sido bonito, un poco dif\u00edcil, pero hemos hecho muchos amigos. Me gustar\u00eda intentar llegar a las olimpiadas\u201d.<\/p>\n","protected":false},"excerpt":{"rendered":"<p>Quito.- Tras siete jornadas de competencia, concluy\u00f3 el Campeonato Sudamericano de Esgrima Infantil y Veterano 2025 en el Coliseo General Rumi\u00f1ahui de Quito. El evento regres\u00f3 a territorio ecuatoriano luego de 17 a\u00f1os y reuni\u00f3 a m\u00e1s de 200 deportistas provenientes de 10 pa\u00edses del continente. El certamen fue organizado por la Federaci\u00f3n Ecuatoriana de [&hellip;]<\/p>\n","protected":false},"author":2,"featured_media":32857,"comment_status":"open","ping_status":"closed","sticky":false,"template":"","format":"standard","meta":{"_jetpack_memberships_contains_paid_content":false,"footnotes":""},"categories":[9],"tags":[5234],"class_list":["post-32856","post","type-post","status-publish","format-standard","has-post-thumbnail","hentry","category-deportes","tag-campeonato-sudamericano-de-esgrima-infantil-y-veterano-2025"],"jetpack_featured_media_url":"https:\/\/radiocresatelital.com\/wp-content\/uploads\/2025\/07\/520046912_1062650225845135_1690455076607475342_n.jpg","jetpack_sharing_enabled":true,"_links":{"self":[{"href":"https:\/\/radiocresatelital.com\/index.php?rest_route=\/wp\/v2\/posts\/32856","targetHints":{"allow":["GET"]}}],"collection":[{"href":"https:\/\/radiocresatelital.com\/index.php?rest_route=\/wp\/v2\/posts"}],"about":[{"href":"https:\/\/radiocresatelital.com\/index.php?rest_route=\/wp\/v2\/types\/post"}],"author":[{"embeddable":true,"href":"https:\/\/radiocresatelital.com\/index.php?rest_route=\/wp\/v2\/users\/2"}],"replies":[{"embeddable":true,"href":"https:\/\/radiocresatelital.com\/index.php?rest_route=%2Fwp%2Fv2%2Fcomments&post=32856"}],"version-history":[{"count":1,"href":"https:\/\/radiocresatelital.com\/index.php?rest_route=\/wp\/v2\/posts\/32856\/revisions"}],"predecessor-version":[{"id":32858,"href":"https:\/\/radiocresatelital.com\/index.php?rest_route=\/wp\/v2\/posts\/32856\/revisions\/32858"}],"wp:featuredmedia":[{"embeddable":true,"href":"https:\/\/radiocresatelital.com\/index.php?rest_route=\/wp\/v2\/media\/32857"}],"wp:attachment":[{"href":"https:\/\/radiocresatelital.com\/index.php?rest_route=%2Fwp%2Fv2%2Fmedia&parent=32856"}],"wp:term":[{"taxonomy":"category","embeddable":true,"href":"https:\/\/radiocresatelital.com\/index.php?rest_route=%2Fwp%2Fv2%2Fcategories&post=32856"},{"taxonomy":"post_tag","embeddable":true,"href":"https:\/\/radiocresatelital.com\/index.php?rest_route=%2Fwp%2Fv2%2Ftags&post=32856"}],"curies":[{"name":"wp","href":"https:\/\/api.w.org\/{rel}","templated":true}]}}