{"id":32852,"date":"2025-07-30T19:09:32","date_gmt":"2025-07-30T19:09:32","guid":{"rendered":"https:\/\/radiocresatelital.com\/?p=32852"},"modified":"2025-07-30T19:09:32","modified_gmt":"2025-07-30T19:09:32","slug":"delegacion-ecuatoriana-lista-para-chengdu-2025","status":"publish","type":"post","link":"https:\/\/radiocresatelital.com\/?p=32852","title":{"rendered":"Delegaci\u00f3n ecuatoriana lista para Chengd\u00fa 2025"},"content":{"rendered":"<p>Guayaquil..- La multimedallista de la pasada edici\u00f3n de World Games Gabriela Vargas encabeza la n\u00f3mina que nos representar\u00e1 en los Juegos Mundiales Chengd\u00fa 2025.<\/p>\n<p>La lista est\u00e1 integrada por 13 deportistas que lograron su clasificaci\u00f3n al evento multideportivo de car\u00e1cter mundial que congrega a los deportes que no forman parte del programa de Juegos Ol\u00edmpicos, pero cuentan con el reconocimiento del Comit\u00e9 Ol\u00edmpico Internacional.<\/p>\n<p>Vargas, quien en la pasada edici\u00f3n en Birmingham 2022 hizo historia con una medalla de oro y tres de bronce, lidera el equipo de patinaje de velocidad que lo completan Mar\u00eda Loreto Arias, Jeremy Ulcuango y Nicol\u00e1s Garc\u00eda.<\/p>\n<p><img decoding=\"async\" class=\"aligncenter\" src=\"https:\/\/coe.org.ec\/wp-content\/uploads\/2025\/07\/54180325142_0a19860e8d_k.jpg\" alt=\"54180325142_0a19860e8d_k\" \/><\/p>\n<p>Levantamiento de potencia es la otra disciplina en donde Ecuador lleva un gran contingente: los medallistas mundiales Franklin Le\u00f3n y Mosi\u00e9s Vill\u00f3n. A ellos se suman \u00c1lex Ochoa, Handy Zambrano y Kenia Monserrate.<\/p>\n<p>Tambi\u00e9n tendr\u00e1 presencia en r\u00e1cquetbol con Jos\u00e9 Ugalde y \u00c1ngela Villacreses; y en cheerleading con Fabiana V\u00e9lez y Jennifer Garc\u00eda.<\/p>\n<p>Los Juegos Mundiales Chengd\u00fa 2025 se realizar\u00e1n del 7 al 17 de agosto en la ciudad china. Participan 5.000 deportistas de m\u00e1s de 10 pa\u00edses en 254 eventos deportivos.<\/p>\n","protected":false},"excerpt":{"rendered":"<p>Guayaquil..- La multimedallista de la pasada edici\u00f3n de World Games Gabriela Vargas encabeza la n\u00f3mina que nos representar\u00e1 en los Juegos Mundiales Chengd\u00fa 2025. La lista est\u00e1 integrada por 13 deportistas que lograron su clasificaci\u00f3n al evento multideportivo de car\u00e1cter mundial que congrega a los deportes que no forman parte del programa de Juegos Ol\u00edmpicos, [&hellip;]<\/p>\n","protected":false},"author":2,"featured_media":32853,"comment_status":"open","ping_status":"closed","sticky":false,"template":"","format":"standard","meta":{"_jetpack_memberships_contains_paid_content":false,"footnotes":""},"categories":[9],"tags":[5233],"class_list":["post-32852","post","type-post","status-publish","format-standard","has-post-thumbnail","hentry","category-deportes","tag-juegos-mundiales-chengdu-2025"],"jetpack_featured_media_url":"https:\/\/radiocresatelital.com\/wp-content\/uploads\/2025\/07\/48490723917_53e144e2f8_k.jpg","jetpack_sharing_enabled":true,"_links":{"self":[{"href":"https:\/\/radiocresatelital.com\/index.php?rest_route=\/wp\/v2\/posts\/32852","targetHints":{"allow":["GET"]}}],"collection":[{"href":"https:\/\/radiocresatelital.com\/index.php?rest_route=\/wp\/v2\/posts"}],"about":[{"href":"https:\/\/radiocresatelital.com\/index.php?rest_route=\/wp\/v2\/types\/post"}],"author":[{"embeddable":true,"href":"https:\/\/radiocresatelital.com\/index.php?rest_route=\/wp\/v2\/users\/2"}],"replies":[{"embeddable":true,"href":"https:\/\/radiocresatelital.com\/index.php?rest_route=%2Fwp%2Fv2%2Fcomments&post=32852"}],"version-history":[{"count":2,"href":"https:\/\/radiocresatelital.com\/index.php?rest_route=\/wp\/v2\/posts\/32852\/revisions"}],"predecessor-version":[{"id":32855,"href":"https:\/\/radiocresatelital.com\/index.php?rest_route=\/wp\/v2\/posts\/32852\/revisions\/32855"}],"wp:featuredmedia":[{"embeddable":true,"href":"https:\/\/radiocresatelital.com\/index.php?rest_route=\/wp\/v2\/media\/32853"}],"wp:attachment":[{"href":"https:\/\/radiocresatelital.com\/index.php?rest_route=%2Fwp%2Fv2%2Fmedia&parent=32852"}],"wp:term":[{"taxonomy":"category","embeddable":true,"href":"https:\/\/radiocresatelital.com\/index.php?rest_route=%2Fwp%2Fv2%2Fcategories&post=32852"},{"taxonomy":"post_tag","embeddable":true,"href":"https:\/\/radiocresatelital.com\/index.php?rest_route=%2Fwp%2Fv2%2Ftags&post=32852"}],"curies":[{"name":"wp","href":"https:\/\/api.w.org\/{rel}","templated":true}]}}