{"id":3275,"date":"2023-08-27T22:42:18","date_gmt":"2023-08-27T22:42:18","guid":{"rendered":"https:\/\/radiocresatelital.com\/?p=3275"},"modified":"2023-08-27T22:42:18","modified_gmt":"2023-08-27T22:42:18","slug":"un-triste-emelec-perdio-nuevamente-como-local-en-el-capwell-ante-delfin","status":"publish","type":"post","link":"https:\/\/radiocresatelital.com\/?p=3275","title":{"rendered":"Un triste Emelec perdi\u00f3 nuevamente como local en el Capwell ante Delf\u00edn"},"content":{"rendered":"<p>Guayaquil.- Delf\u00edn de Manta con anotaci\u00f3n del delantero argentino, Facundo Castelli se ha impuesto sobre el cuadro de Emelec como visitante por la m\u00ednima diferencia, cotejo jugado en le George Capwell\u00a0 con al presencia de unos 7000 espectadores.<\/p>\n<p>La primera observaci\u00f3n de este partido es la presencia del zaguero colombiano Bleiner Agron como titular en la posici\u00f3n de zaguero central acompa\u00f1ando a Luis fernando Le\u00f3n en la defensa azul.<\/p>\n<p>Buena combinaci\u00f3n azul, todo el medio campo toc\u00f3 el bal\u00f3n hasta que la pelota le llega a los pies de Bryan Carabal\u00ed que remata de media distancia pero ese bal\u00f3n se fue a la general.<\/p>\n<p>En los primeros minutos del partido, se puede observar a la doble punta emelecista en la mitad del terreno de juego cuando tendr\u00edan que estar en el \u00e1rea para pescar alguna pelota perdida y tratar de abrir el marcador.<\/p>\n<p>Una buena llegada por parte de los cet\u00e1ceos, combinaci\u00f3n buena en medio cambo cuando la pelota le llega a los pies de Justin Alman que remata fuerte pero a las manos del portero Ort\u00edz.<\/p>\n<p>Diego Garc\u00eda hace un cambio de frente para Samuel Sosa quien pone un pase al \u00e1rea para Jaime Ayov\u00ed que trata de acomodarse para rematar pero la pelota se le va muy r\u00e1pida para caer en las manos del portero Heras.<\/p>\n<p>A los cet\u00e1ceos le falta ser m\u00e1s profundos y m\u00e1s ansiosos en buscar la porter\u00eda contrar\u00eda porque han tenido un aceptable partido.<\/p>\n<p>Emelec en este momento no tiene ni idea de que sistema debe utilizar para jugar este compromiso porque se encuentra enredado en el terreno de juego.<\/p>\n<p>Pedro Ort\u00edz habilita con un pase largo para que llegue Jaime Ayov\u00ed quien ingresa al \u00e1rea, se saca la marca de Luis Caicedo y remata de derecha pero la pelota pega en la base del poste pero la jugada ya estaba nulitada por posici\u00f3n adelantada.<\/p>\n<p>Bryan Oyola aprovecha una oportunidad para rematar fuerte pero ese bal\u00f3n se va por encima del horizontal, Emelec es un desorden completo y no sabe que hacer con el bal\u00f3n.<\/p>\n<p>Tan desordenado se encuentra los azules, Agron ha tenido que avanzar al medio campo para intentar rematar de media distancia pero sin efectividad.<\/p>\n<p>Para el segundo tiempo, Hern\u00e1n Torres env\u00eda al terreno de juego a Michael Carcel\u00e9n para dejar en la banca a Diego Garc\u00eda que tuvo un mal partido, mientras que Guillermo Dur\u00f3 pone a un nuevo delantero como Alexis Rodr\u00edguez.<\/p>\n<p>A los 55 minutos, se cobra un tiro de esquina de Reyes para Oyola que pone un centro preciso para que Facundo Castelli sin marca mediante golpe de cabeza que deja parado al portero Ort\u00edz para concretar la primera anotaci\u00f3n cet\u00e1cea en el Capwell. 1 x 0<\/p>\n<p>Luego de la anotaci\u00f3n, Emelec adelanta sus l\u00edneas en busca de anotar su primer gol en esta segunda etapa desde hace varias fechas.<\/p>\n<p>Nueva llegada de Delf\u00edn, Bryan Oyola se saca la marca de todos quienes le salen a marcarlo, le entrega pase a Juan Ru\u00edz G\u00f3mez quien remata fuerte pero desviado.<\/p>\n<p>An\u00edbal Chal\u00e1 pone un pase para Bryan Carabal\u00ed que sin pensarlo dos veces remata fuerte pero el portero Heras salva la porter\u00eda cet\u00e1cea.<\/p>\n<p>Una jugada pol\u00e9mica, cuando Bryan Oyola llega hasta el \u00e1rea azul y levanta un centro donde la pelota le pega a Jackson Rodr\u00edguez el juez central la revisa en el VAR y dice que no fue penal.<\/p>\n<p>Emelec busca la conquista del empate pero de manera muy desordenada, ya que nadie puede poner un buen pase a Jaime Ayov\u00ed que pierde balones sin la protecci\u00f3n que el delantero tiene que tener para asegurar un remate.<\/p>\n","protected":false},"excerpt":{"rendered":"<p>Guayaquil.- Delf\u00edn de Manta con anotaci\u00f3n del delantero argentino, Facundo Castelli se ha impuesto sobre el cuadro de Emelec como visitante por la m\u00ednima diferencia, cotejo jugado en le George Capwell\u00a0 con al presencia de unos 7000 espectadores. La primera observaci\u00f3n de este partido es la presencia del zaguero colombiano Bleiner Agron como titular en [&hellip;]<\/p>\n","protected":false},"author":2,"featured_media":3276,"comment_status":"open","ping_status":"closed","sticky":false,"template":"","format":"standard","meta":{"_jetpack_memberships_contains_paid_content":false,"footnotes":""},"categories":[73],"tags":[454,56,135],"class_list":["post-3275","post","type-post","status-publish","format-standard","has-post-thumbnail","hentry","category-liga-pro","tag-delfin","tag-emelec","tag-liga-pro"],"jetpack_featured_media_url":"https:\/\/radiocresatelital.com\/wp-content\/uploads\/2023\/08\/51057ed5-2b1b-4f04-8163-2e9774648948.jpg","jetpack_sharing_enabled":true,"_links":{"self":[{"href":"https:\/\/radiocresatelital.com\/index.php?rest_route=\/wp\/v2\/posts\/3275","targetHints":{"allow":["GET"]}}],"collection":[{"href":"https:\/\/radiocresatelital.com\/index.php?rest_route=\/wp\/v2\/posts"}],"about":[{"href":"https:\/\/radiocresatelital.com\/index.php?rest_route=\/wp\/v2\/types\/post"}],"author":[{"embeddable":true,"href":"https:\/\/radiocresatelital.com\/index.php?rest_route=\/wp\/v2\/users\/2"}],"replies":[{"embeddable":true,"href":"https:\/\/radiocresatelital.com\/index.php?rest_route=%2Fwp%2Fv2%2Fcomments&post=3275"}],"version-history":[{"count":1,"href":"https:\/\/radiocresatelital.com\/index.php?rest_route=\/wp\/v2\/posts\/3275\/revisions"}],"predecessor-version":[{"id":3277,"href":"https:\/\/radiocresatelital.com\/index.php?rest_route=\/wp\/v2\/posts\/3275\/revisions\/3277"}],"wp:featuredmedia":[{"embeddable":true,"href":"https:\/\/radiocresatelital.com\/index.php?rest_route=\/wp\/v2\/media\/3276"}],"wp:attachment":[{"href":"https:\/\/radiocresatelital.com\/index.php?rest_route=%2Fwp%2Fv2%2Fmedia&parent=3275"}],"wp:term":[{"taxonomy":"category","embeddable":true,"href":"https:\/\/radiocresatelital.com\/index.php?rest_route=%2Fwp%2Fv2%2Fcategories&post=3275"},{"taxonomy":"post_tag","embeddable":true,"href":"https:\/\/radiocresatelital.com\/index.php?rest_route=%2Fwp%2Fv2%2Ftags&post=3275"}],"curies":[{"name":"wp","href":"https:\/\/api.w.org\/{rel}","templated":true}]}}