{"id":32656,"date":"2025-07-28T18:18:45","date_gmt":"2025-07-28T18:18:45","guid":{"rendered":"https:\/\/radiocresatelital.com\/?p=32656"},"modified":"2025-07-28T18:18:45","modified_gmt":"2025-07-28T18:18:45","slug":"ecuador-viajo-a-paraguay-para-buscar-la-clasificacion-al-mundial-sub-16","status":"publish","type":"post","link":"https:\/\/radiocresatelital.com\/?p=32656","title":{"rendered":"Ecuador viaj\u00f3 a Paraguay para buscar la clasificaci\u00f3n al Mundial sub-16"},"content":{"rendered":"<p>Guayaquil.- Ecuador est\u00e1 listo para afrontar el Campeonato Sudamericano sub-16 a jugarse del 28 de julio al 2 de agosto en Asunci\u00f3n (Paraguay), torneo clasificatorio a la Billie Jean King Cup y Davis Cup junior, que se desarrollar\u00e1 en noviembre pr\u00f3ximo.<\/p>\n<p>El equipo femenino, que descansar\u00e1 el primer d\u00eda de la competencia, est\u00e1 ubicado en el grupo A junto a Argentina, Brasil, Venezuela y Paraguay.<\/p>\n<p>Mientras que el equipo masculino est\u00e1 en el grupo B con Argentina, Per\u00fa, Paraguay y Colombia, y debutar\u00e1 el lunes 28 de julio ante el representativo peruano.<\/p>\n<p>La delegaci\u00f3n masculina est\u00e1 integrada por Emilio Camacho, Jaime Robles, Sergio Castro, el capit\u00e1n Diego Velastegui y Emilio G\u00f3mez, como asistente t\u00e9cnico. El de damas por Isabella Y\u00e9pez, Ana Paula J\u00e1tiva, Yurbeli Carrillo y el capit\u00e1n Mariano Tapia. Como delegado de la delegaci\u00f3n est\u00e1 Rodrigo Godoy, miembro de la FET.<\/p>\n<p>El Mundial de 16 a\u00f1os, llamado oficialmente Junior Davis Cup y Junior Billie Jean King Cup, se llevar\u00e1 a cabo del 3 al 9 de noviembre de 2025 en Santiago, Chile; los varones jugar\u00e1n en el Estadio Nacional, y las damas en el Club Manquehue.<\/p>\n","protected":false},"excerpt":{"rendered":"<p>Guayaquil.- Ecuador est\u00e1 listo para afrontar el Campeonato Sudamericano sub-16 a jugarse del 28 de julio al 2 de agosto en Asunci\u00f3n (Paraguay), torneo clasificatorio a la Billie Jean King Cup y Davis Cup junior, que se desarrollar\u00e1 en noviembre pr\u00f3ximo. El equipo femenino, que descansar\u00e1 el primer d\u00eda de la competencia, est\u00e1 ubicado en [&hellip;]<\/p>\n","protected":false},"author":2,"featured_media":32657,"comment_status":"open","ping_status":"closed","sticky":false,"template":"","format":"standard","meta":{"_jetpack_memberships_contains_paid_content":false,"footnotes":""},"categories":[9,64],"tags":[357,304,5195],"class_list":["post-32656","post","type-post","status-publish","format-standard","has-post-thumbnail","hentry","category-deportes","category-tenis","tag-billie-jean-king-cup","tag-campeonato-sudamericano-sub-16","tag-davis-cup-junior"],"jetpack_featured_media_url":"https:\/\/radiocresatelital.com\/wp-content\/uploads\/2025\/07\/WhatsApp-Image-2025-07-27-at-16.51.20.jpeg","jetpack_sharing_enabled":true,"_links":{"self":[{"href":"https:\/\/radiocresatelital.com\/index.php?rest_route=\/wp\/v2\/posts\/32656","targetHints":{"allow":["GET"]}}],"collection":[{"href":"https:\/\/radiocresatelital.com\/index.php?rest_route=\/wp\/v2\/posts"}],"about":[{"href":"https:\/\/radiocresatelital.com\/index.php?rest_route=\/wp\/v2\/types\/post"}],"author":[{"embeddable":true,"href":"https:\/\/radiocresatelital.com\/index.php?rest_route=\/wp\/v2\/users\/2"}],"replies":[{"embeddable":true,"href":"https:\/\/radiocresatelital.com\/index.php?rest_route=%2Fwp%2Fv2%2Fcomments&post=32656"}],"version-history":[{"count":1,"href":"https:\/\/radiocresatelital.com\/index.php?rest_route=\/wp\/v2\/posts\/32656\/revisions"}],"predecessor-version":[{"id":32658,"href":"https:\/\/radiocresatelital.com\/index.php?rest_route=\/wp\/v2\/posts\/32656\/revisions\/32658"}],"wp:featuredmedia":[{"embeddable":true,"href":"https:\/\/radiocresatelital.com\/index.php?rest_route=\/wp\/v2\/media\/32657"}],"wp:attachment":[{"href":"https:\/\/radiocresatelital.com\/index.php?rest_route=%2Fwp%2Fv2%2Fmedia&parent=32656"}],"wp:term":[{"taxonomy":"category","embeddable":true,"href":"https:\/\/radiocresatelital.com\/index.php?rest_route=%2Fwp%2Fv2%2Fcategories&post=32656"},{"taxonomy":"post_tag","embeddable":true,"href":"https:\/\/radiocresatelital.com\/index.php?rest_route=%2Fwp%2Fv2%2Ftags&post=32656"}],"curies":[{"name":"wp","href":"https:\/\/api.w.org\/{rel}","templated":true}]}}