{"id":32618,"date":"2025-07-25T22:34:21","date_gmt":"2025-07-25T22:34:21","guid":{"rendered":"https:\/\/radiocresatelital.com\/?p=32618"},"modified":"2025-07-26T01:36:34","modified_gmt":"2025-07-26T01:36:34","slug":"nuevo-liderazgo-en-el-sector-asegurador-juan-manuel-merchan-asume-la-presidencia-de-fedeseg-y-acose","status":"publish","type":"post","link":"https:\/\/radiocresatelital.com\/?p=32618","title":{"rendered":"Nuevo liderazgo en el sector asegurador, Juan Manuel Merch\u00e1n asume la presidencia de FEDESEG y ACOSE"},"content":{"rendered":"<p>Quito.\u2013 La Federaci\u00f3n Ecuatoriana de Empresas de Seguros (FEDESEG) y la Asociaci\u00f3n de Compa\u00f1\u00edas de Seguros del Ecuador (ACOSE) han designado este 21 de julio a Juan Manuel Merch\u00e1n, CEO de Seguros Equinoccial y Ecuatoriano Suiza, como su nuevo presidente. Esta designaci\u00f3n busca fortalecer lo que ya se ha construido en los \u00faltimos a\u00f1os y continuar el liderazgo articulado, orientado en afianzar el desarrollo, la sostenibilidad y la inclusi\u00f3n en el sector asegurador del pa\u00eds.<\/p>\n<p>El nombramiento representa una plataforma estrat\u00e9gica para consolidar una agenda com\u00fan enfocada en tres ejes fundamentales como el desarrollo sostenible, la transformaci\u00f3n tecnol\u00f3gica y la inclusi\u00f3n financiera. Juan Manuel destaca \u201cAsumir la presidencia de FEDESEG y ACOSE representa una gran oportunidad para contribuir al desarrollo de un sector fundamental para el Ecuador; es un honor dar continuidad a la valiosa gesti\u00f3n realizada, sobre cuyos s\u00f3lidos cimientos avanzaremos con responsabilidad y una visi\u00f3n clara de futuro\u201d.<\/p>\n<p>Desde su nuevo rol, Juan Manuel asumir\u00e1 el desaf\u00edo de promover una visi\u00f3n centrada en las personas, con el firme prop\u00f3sito de acercar soluciones de protecci\u00f3n a quienes actualmente no cuentan con acceso a mecanismos formales de aseguramiento. Su trayectoria al frente de Seguros Equinoccial y Ecuatoriano Suiza, compa\u00f1\u00edas referentes en innovaci\u00f3n y liderazgo dentro del sector, respaldan su visi\u00f3n estrat\u00e9gica en esta nueva etapa y buscar\u00e1 consolidar un ecosistema asegurador m\u00e1s colaborativo, emp\u00e1tico y preparado para los desaf\u00edos del entorno.<\/p>\n<p>Juan Manuel se\u00f1ala \u201cestamos convencidos que el sector asegurador debe desempe\u00f1ar un papel fundamental en la inclusi\u00f3n, facilitando un acceso efectivo y significativo a soluciones de protecci\u00f3n para la base de la pir\u00e1mide\u201d. Con este nombramiento, se fortalece el compromiso institucional de seguir promoviendo un seguro m\u00e1s cercano, moderno y adaptado a las necesidades de los ecuatorianos, aportando a la estabilidad econ\u00f3mica, la resiliencia social y el desarrollo del pa\u00eds.<\/p>\n","protected":false},"excerpt":{"rendered":"<p>Quito.\u2013 La Federaci\u00f3n Ecuatoriana de Empresas de Seguros (FEDESEG) y la Asociaci\u00f3n de Compa\u00f1\u00edas de Seguros del Ecuador (ACOSE) han designado este 21 de julio a Juan Manuel Merch\u00e1n, CEO de Seguros Equinoccial y Ecuatoriano Suiza, como su nuevo presidente. Esta designaci\u00f3n busca fortalecer lo que ya se ha construido en los \u00faltimos a\u00f1os y [&hellip;]<\/p>\n","protected":false},"author":2,"featured_media":32619,"comment_status":"open","ping_status":"closed","sticky":false,"template":"","format":"standard","meta":{"_jetpack_memberships_contains_paid_content":false,"footnotes":""},"categories":[13],"tags":[5191,4780],"class_list":["post-32618","post","type-post","status-publish","format-standard","has-post-thumbnail","hentry","category-noticias-nacionales","tag-asociacion-de-companias-de-seguros-del-ecuador","tag-federacion-ecuatoriana-de-empresas-de-seguros"],"jetpack_featured_media_url":"https:\/\/radiocresatelital.com\/wp-content\/uploads\/2025\/07\/WhatsApp-Image-2025-07-23-at-12.43.09.jpeg","jetpack_sharing_enabled":true,"_links":{"self":[{"href":"https:\/\/radiocresatelital.com\/index.php?rest_route=\/wp\/v2\/posts\/32618","targetHints":{"allow":["GET"]}}],"collection":[{"href":"https:\/\/radiocresatelital.com\/index.php?rest_route=\/wp\/v2\/posts"}],"about":[{"href":"https:\/\/radiocresatelital.com\/index.php?rest_route=\/wp\/v2\/types\/post"}],"author":[{"embeddable":true,"href":"https:\/\/radiocresatelital.com\/index.php?rest_route=\/wp\/v2\/users\/2"}],"replies":[{"embeddable":true,"href":"https:\/\/radiocresatelital.com\/index.php?rest_route=%2Fwp%2Fv2%2Fcomments&post=32618"}],"version-history":[{"count":1,"href":"https:\/\/radiocresatelital.com\/index.php?rest_route=\/wp\/v2\/posts\/32618\/revisions"}],"predecessor-version":[{"id":32620,"href":"https:\/\/radiocresatelital.com\/index.php?rest_route=\/wp\/v2\/posts\/32618\/revisions\/32620"}],"wp:featuredmedia":[{"embeddable":true,"href":"https:\/\/radiocresatelital.com\/index.php?rest_route=\/wp\/v2\/media\/32619"}],"wp:attachment":[{"href":"https:\/\/radiocresatelital.com\/index.php?rest_route=%2Fwp%2Fv2%2Fmedia&parent=32618"}],"wp:term":[{"taxonomy":"category","embeddable":true,"href":"https:\/\/radiocresatelital.com\/index.php?rest_route=%2Fwp%2Fv2%2Fcategories&post=32618"},{"taxonomy":"post_tag","embeddable":true,"href":"https:\/\/radiocresatelital.com\/index.php?rest_route=%2Fwp%2Fv2%2Ftags&post=32618"}],"curies":[{"name":"wp","href":"https:\/\/api.w.org\/{rel}","templated":true}]}}