{"id":32612,"date":"2025-07-26T01:23:55","date_gmt":"2025-07-26T01:23:55","guid":{"rendered":"https:\/\/radiocresatelital.com\/?p=32612"},"modified":"2025-07-26T01:23:55","modified_gmt":"2025-07-26T01:23:55","slug":"hospital-general-teofilo-davila-fortalece-servicios-medicos-y-tecnicos","status":"publish","type":"post","link":"https:\/\/radiocresatelital.com\/?p=32612","title":{"rendered":"Hospital General Te\u00f3filo D\u00e1vila fortalece servicios m\u00e9dicos y t\u00e9cnicos"},"content":{"rendered":"<p>Machala.- El Hospital General Te\u00f3filo D\u00e1vila contin\u00faa fortaleciendo su infraestructura y servicios con el objetivo de mejorar la atenci\u00f3n a sus pacientes. En esta semana, se llev\u00f3 a cabo una capacitaci\u00f3n especializada para el personal del \u00e1rea de im\u00e1genes, a cargo de t\u00e9cnicos de la empresa Siemens. La formaci\u00f3n se enfoc\u00f3 en el manejo del nuevo tom\u00f3grafo de 64 filas de detectores y 128 cortes, un equipo de \u00faltima generaci\u00f3n que optimizar\u00e1 los diagn\u00f3sticos por imagen en la instituci\u00f3n.<\/p>\n<p>En el centro quir\u00fargico, se llevan a cabo labores de mantenimiento correctivo y preventivo en las m\u00e1quinas de anestesia y otros equipos biom\u00e9dicos para garantizar su funcionamiento seguro durante los procedimientos quir\u00fargicos.<\/p>\n<p>Paralelamente, la administraci\u00f3n logr\u00f3 concretar la entrega de mil galones de di\u00e9sel previamente adquiridos a Petroecuador, cuya entrega se encontraba pendiente. Para ello, se gestion\u00f3 el traslado mediante un tanquero, asegurando as\u00ed el suministro de combustible necesario para el funcionamiento de los calderos y el cuarto de m\u00e1quinas del hospital.<\/p>\n<p>Adem\u00e1s, se est\u00e1n realizando mejoras en el laboratorio de Tuberculosis. Entre los avances se habilit\u00f3 un equipo thermo freezer (ultracongelador), destinado a conservar muestras y reactivos que requieren temperaturas extremadamente bajas para su almacenamiento.<\/p>\n<p>Estas acciones forman parte del compromiso institucional por elevar la calidad de los servicios de salud en beneficio de la ciudadan\u00eda.<\/p>\n","protected":false},"excerpt":{"rendered":"<p>Machala.- El Hospital General Te\u00f3filo D\u00e1vila contin\u00faa fortaleciendo su infraestructura y servicios con el objetivo de mejorar la atenci\u00f3n a sus pacientes. En esta semana, se llev\u00f3 a cabo una capacitaci\u00f3n especializada para el personal del \u00e1rea de im\u00e1genes, a cargo de t\u00e9cnicos de la empresa Siemens. La formaci\u00f3n se enfoc\u00f3 en el manejo del [&hellip;]<\/p>\n","protected":false},"author":2,"featured_media":32613,"comment_status":"open","ping_status":"closed","sticky":false,"template":"","format":"standard","meta":{"_jetpack_memberships_contains_paid_content":false,"footnotes":""},"categories":[13],"tags":[269],"class_list":["post-32612","post","type-post","status-publish","format-standard","has-post-thumbnail","hentry","category-noticias-nacionales","tag-hospital-general-teofilo-davila"],"jetpack_featured_media_url":"https:\/\/radiocresatelital.com\/wp-content\/uploads\/2025\/07\/WhatsApp-Image-2025-07-25-at-11.28.47.jpeg","jetpack_sharing_enabled":true,"_links":{"self":[{"href":"https:\/\/radiocresatelital.com\/index.php?rest_route=\/wp\/v2\/posts\/32612","targetHints":{"allow":["GET"]}}],"collection":[{"href":"https:\/\/radiocresatelital.com\/index.php?rest_route=\/wp\/v2\/posts"}],"about":[{"href":"https:\/\/radiocresatelital.com\/index.php?rest_route=\/wp\/v2\/types\/post"}],"author":[{"embeddable":true,"href":"https:\/\/radiocresatelital.com\/index.php?rest_route=\/wp\/v2\/users\/2"}],"replies":[{"embeddable":true,"href":"https:\/\/radiocresatelital.com\/index.php?rest_route=%2Fwp%2Fv2%2Fcomments&post=32612"}],"version-history":[{"count":1,"href":"https:\/\/radiocresatelital.com\/index.php?rest_route=\/wp\/v2\/posts\/32612\/revisions"}],"predecessor-version":[{"id":32614,"href":"https:\/\/radiocresatelital.com\/index.php?rest_route=\/wp\/v2\/posts\/32612\/revisions\/32614"}],"wp:featuredmedia":[{"embeddable":true,"href":"https:\/\/radiocresatelital.com\/index.php?rest_route=\/wp\/v2\/media\/32613"}],"wp:attachment":[{"href":"https:\/\/radiocresatelital.com\/index.php?rest_route=%2Fwp%2Fv2%2Fmedia&parent=32612"}],"wp:term":[{"taxonomy":"category","embeddable":true,"href":"https:\/\/radiocresatelital.com\/index.php?rest_route=%2Fwp%2Fv2%2Fcategories&post=32612"},{"taxonomy":"post_tag","embeddable":true,"href":"https:\/\/radiocresatelital.com\/index.php?rest_route=%2Fwp%2Fv2%2Ftags&post=32612"}],"curies":[{"name":"wp","href":"https:\/\/api.w.org\/{rel}","templated":true}]}}