{"id":32609,"date":"2025-07-25T22:18:36","date_gmt":"2025-07-25T22:18:36","guid":{"rendered":"https:\/\/radiocresatelital.com\/?p=32609"},"modified":"2025-07-26T01:20:13","modified_gmt":"2025-07-26T01:20:13","slug":"maestros-de-la-construccion-se-tecnifican-con-el-aval-de-la-academia-y-unacem-ecuador","status":"publish","type":"post","link":"https:\/\/radiocresatelital.com\/?p=32609","title":{"rendered":"Maestros de la construcci\u00f3n se tecnifican con el aval de la academia y UNACEM Ecuador"},"content":{"rendered":"<p>Quito.- UNACEM Ecuador, empresa comprometida con la construcci\u00f3n de un mundo sostenible mediante sus soluciones integrales de cemento y hormig\u00f3n inaugur\u00f3 una nueva edici\u00f3n de la Escuela de Formaci\u00f3n Selvalegre (EFS).<\/p>\n<p>Con el aval de la Universidad Central del Ecuador, Pontificia Universidad Cat\u00f3lica del Ecuador y Universidad Laica Eloy Alfaro de Manab\u00ed, en el programa de gesti\u00f3n del conocimiento liderado por UNACEM Ecuador, a trav\u00e9s de su marca emblema, Selvalegre, se impartir\u00e1n m\u00f3dulos de aprendizaje como: selecci\u00f3n de los materiales para un hormig\u00f3n de calidad; c\u00f3mo construir adecuadamente las estructuras para que estas respondan a lo considerado en el c\u00e1lculo estructural; normas b\u00e1sicas de seguridad industrial. Adem\u00e1s, repasar\u00e1n contenidos te\u00f3ricos y pr\u00e1cticos en identificaci\u00f3n de riesgos, ensayos de validaci\u00f3n de hormig\u00f3n, criterio de dise\u00f1o de estructuras como columnas, cimentaciones, entre otros.<\/p>\n<p>El objetivo del programa, que entra en su octavo a\u00f1o de ejecuci\u00f3n, es tecnificar el sector de la construcci\u00f3n. A esta causa se suma la academia. En la inauguraci\u00f3n, el Doctor Jorge Luis Santamar\u00eda Carrera, decano de la Facultad de Ingenier\u00eda y Ciencias Aplicadas de la Universidad Central del Ecuador se\u00f1al\u00f3: \u201cNuestro apoyo a esta iniciativa no solamente refleja la voluntad de avanzar en conjunto para alcanzar objetivos comunes, sino tambi\u00e9n colabora a la mejora de la industria de la construcci\u00f3n. A trav\u00e9s de este tipo de capacitaciones se complementa, actualiza y refuerza conocimientos, con el fin de mejorar la calidad de las obras\u201d.<\/p>\n<p>Por su parte, Carlos L\u00f3pez, gerente de marketing y customer experience de UNACEM Ecuador asever\u00f3: \u201cEn UNACEM Ecuador creemos que todas las personas merecen vivir de manera digna, segura y feliz; por eso evolucionamos hacia un modelo de negocio centrado en el cliente, en el que cada acci\u00f3n, cada innovaci\u00f3n y cada mejora est\u00e1 dise\u00f1ada desde su perspectiva. La Escuela de Formaci\u00f3n Selvalegre es una muestra clara de una necesidad latente que est\u00e1 siendo atendida.\u201d<\/p>\n<p>Mireya Mart\u00ednez, gerente de asistencia t\u00e9cnica de UNACEM Ecuador destac\u00f3 que el programa tiene un impacto transformador en el sector potenciado por las alianzas con la academia. \u201cEl verdadero impacto va m\u00e1s all\u00e1 de las cifras. La Escuela de Formaci\u00f3n Selvalegre est\u00e1 transformando el sector de la construcci\u00f3n porque aporta a reducir la informalidad laboral y profesionalizar a quienes construyen nuestro pa\u00eds, incrementa los est\u00e1ndares de calidad y seguridad en las obras y fomenta una cultura de sostenibilidad y econom\u00eda circular en la construcci\u00f3n\u201d.<\/p>\n<p>La Escuela de Formaci\u00f3n Selvalegre fue creada en 2018, con el prop\u00f3sito de aportar a la formaci\u00f3n t\u00e9cnica y de seguridad de los maestros mayores. UNACEM Ecuador, a trav\u00e9s de esta iniciativa, reafirma su compromiso por fomentar iniciativas que contribuyan al crecimiento de sus aliados estrat\u00e9gicos y el progreso del sector de la construcci\u00f3n.<\/p>\n","protected":false},"excerpt":{"rendered":"<p>Quito.- UNACEM Ecuador, empresa comprometida con la construcci\u00f3n de un mundo sostenible mediante sus soluciones integrales de cemento y hormig\u00f3n inaugur\u00f3 una nueva edici\u00f3n de la Escuela de Formaci\u00f3n Selvalegre (EFS). Con el aval de la Universidad Central del Ecuador, Pontificia Universidad Cat\u00f3lica del Ecuador y Universidad Laica Eloy Alfaro de Manab\u00ed, en el programa [&hellip;]<\/p>\n","protected":false},"author":2,"featured_media":32610,"comment_status":"open","ping_status":"closed","sticky":false,"template":"","format":"standard","meta":{"_jetpack_memberships_contains_paid_content":false,"footnotes":""},"categories":[13],"tags":[172],"class_list":["post-32609","post","type-post","status-publish","format-standard","has-post-thumbnail","hentry","category-noticias-nacionales","tag-unacem-ecuador"],"jetpack_featured_media_url":"https:\/\/radiocresatelital.com\/wp-content\/uploads\/2025\/07\/WhatsApp-Image-2025-07-25-at-20.14.39.jpeg","jetpack_sharing_enabled":true,"_links":{"self":[{"href":"https:\/\/radiocresatelital.com\/index.php?rest_route=\/wp\/v2\/posts\/32609","targetHints":{"allow":["GET"]}}],"collection":[{"href":"https:\/\/radiocresatelital.com\/index.php?rest_route=\/wp\/v2\/posts"}],"about":[{"href":"https:\/\/radiocresatelital.com\/index.php?rest_route=\/wp\/v2\/types\/post"}],"author":[{"embeddable":true,"href":"https:\/\/radiocresatelital.com\/index.php?rest_route=\/wp\/v2\/users\/2"}],"replies":[{"embeddable":true,"href":"https:\/\/radiocresatelital.com\/index.php?rest_route=%2Fwp%2Fv2%2Fcomments&post=32609"}],"version-history":[{"count":1,"href":"https:\/\/radiocresatelital.com\/index.php?rest_route=\/wp\/v2\/posts\/32609\/revisions"}],"predecessor-version":[{"id":32611,"href":"https:\/\/radiocresatelital.com\/index.php?rest_route=\/wp\/v2\/posts\/32609\/revisions\/32611"}],"wp:featuredmedia":[{"embeddable":true,"href":"https:\/\/radiocresatelital.com\/index.php?rest_route=\/wp\/v2\/media\/32610"}],"wp:attachment":[{"href":"https:\/\/radiocresatelital.com\/index.php?rest_route=%2Fwp%2Fv2%2Fmedia&parent=32609"}],"wp:term":[{"taxonomy":"category","embeddable":true,"href":"https:\/\/radiocresatelital.com\/index.php?rest_route=%2Fwp%2Fv2%2Fcategories&post=32609"},{"taxonomy":"post_tag","embeddable":true,"href":"https:\/\/radiocresatelital.com\/index.php?rest_route=%2Fwp%2Fv2%2Ftags&post=32609"}],"curies":[{"name":"wp","href":"https:\/\/api.w.org\/{rel}","templated":true}]}}