{"id":32602,"date":"2025-07-26T01:09:43","date_gmt":"2025-07-26T01:09:43","guid":{"rendered":"https:\/\/radiocresatelital.com\/?p=32602"},"modified":"2025-07-26T01:09:54","modified_gmt":"2025-07-26T01:09:54","slug":"camioneta-y-camion-full-equipo-llegan-para-emergencias-en-el-oro","status":"publish","type":"post","link":"https:\/\/radiocresatelital.com\/?p=32602","title":{"rendered":"Camioneta y cami\u00f3n full equipo llegan para emergencias en El Oro"},"content":{"rendered":"<p>Machala.- El Gobierno Nacional entreg\u00f3 una camioneta 4&#215;4 y un cami\u00f3n totalmente equipado para fortalecer la atenci\u00f3n ante emergencias en El Oro. El acto oficial se realiz\u00f3 la ma\u00f1ana de este viernes 25 de julio y estuvo liderado por el gobernador Jimmy Blacio junto al coordinador zonal 7 de la Secretar\u00eda de Gesti\u00f3n de Riesgos, Adali Jaramillo.<\/p>\n<p>Esta nueva dotaci\u00f3n forma parte del plan nacional de prevenci\u00f3n y respuesta liderado por el presidente Daniel Noboa, quien ha incrementado en un 150% el presupuesto destinado a emergencias. \u201cEl Nuevo Ecuador responde con asistencia oportuna y prevenci\u00f3n\u201d, subray\u00f3 Blacio, remarcando que los equipos permitir\u00e1n llegar con m\u00e1s rapidez y eficacia a las zonas vulnerables de la provincia.<\/p>\n<p>El cami\u00f3n y la camioneta est\u00e1n dise\u00f1ados para operaciones de respuesta inmediata en casos de desastres naturales o emergencias comunitarias. Blacio resalt\u00f3 que estos veh\u00edculos no son solo unidades m\u00f3viles, sino una herramienta vital para cuidar la vida de los orenses. \u201cAqu\u00ed no hay discursos, hay acci\u00f3n concreta\u201d, afirm\u00f3.<\/p>\n<p>Adem\u00e1s, el gobernador record\u00f3 que el Gobierno destinar\u00e1 USD 11,8 millones para atender a familias afectadas por las lluvias en todo el pa\u00eds. \u201cEn cada emergencia, las familias no esperan excusas, esperan ayuda, y esa respuesta eficiente la est\u00e1n recibiendo\u201d, concluy\u00f3 Blacio, reafirmando el compromiso del Gobierno con la seguridad y bienestar de todos.<\/p>\n","protected":false},"excerpt":{"rendered":"<p>Machala.- El Gobierno Nacional entreg\u00f3 una camioneta 4&#215;4 y un cami\u00f3n totalmente equipado para fortalecer la atenci\u00f3n ante emergencias en El Oro. El acto oficial se realiz\u00f3 la ma\u00f1ana de este viernes 25 de julio y estuvo liderado por el gobernador Jimmy Blacio junto al coordinador zonal 7 de la Secretar\u00eda de Gesti\u00f3n de Riesgos, [&hellip;]<\/p>\n","protected":false},"author":2,"featured_media":32603,"comment_status":"open","ping_status":"closed","sticky":false,"template":"","format":"standard","meta":{"_jetpack_memberships_contains_paid_content":false,"footnotes":""},"categories":[13],"tags":[157,3656],"class_list":["post-32602","post","type-post","status-publish","format-standard","has-post-thumbnail","hentry","category-noticias-nacionales","tag-gobierno-nacional","tag-provincia-el-oro"],"jetpack_featured_media_url":"https:\/\/radiocresatelital.com\/wp-content\/uploads\/2025\/07\/WhatsApp-Image-2025-07-25-at-11.59.58-scaled.jpeg","jetpack_sharing_enabled":true,"_links":{"self":[{"href":"https:\/\/radiocresatelital.com\/index.php?rest_route=\/wp\/v2\/posts\/32602","targetHints":{"allow":["GET"]}}],"collection":[{"href":"https:\/\/radiocresatelital.com\/index.php?rest_route=\/wp\/v2\/posts"}],"about":[{"href":"https:\/\/radiocresatelital.com\/index.php?rest_route=\/wp\/v2\/types\/post"}],"author":[{"embeddable":true,"href":"https:\/\/radiocresatelital.com\/index.php?rest_route=\/wp\/v2\/users\/2"}],"replies":[{"embeddable":true,"href":"https:\/\/radiocresatelital.com\/index.php?rest_route=%2Fwp%2Fv2%2Fcomments&post=32602"}],"version-history":[{"count":1,"href":"https:\/\/radiocresatelital.com\/index.php?rest_route=\/wp\/v2\/posts\/32602\/revisions"}],"predecessor-version":[{"id":32604,"href":"https:\/\/radiocresatelital.com\/index.php?rest_route=\/wp\/v2\/posts\/32602\/revisions\/32604"}],"wp:featuredmedia":[{"embeddable":true,"href":"https:\/\/radiocresatelital.com\/index.php?rest_route=\/wp\/v2\/media\/32603"}],"wp:attachment":[{"href":"https:\/\/radiocresatelital.com\/index.php?rest_route=%2Fwp%2Fv2%2Fmedia&parent=32602"}],"wp:term":[{"taxonomy":"category","embeddable":true,"href":"https:\/\/radiocresatelital.com\/index.php?rest_route=%2Fwp%2Fv2%2Fcategories&post=32602"},{"taxonomy":"post_tag","embeddable":true,"href":"https:\/\/radiocresatelital.com\/index.php?rest_route=%2Fwp%2Fv2%2Ftags&post=32602"}],"curies":[{"name":"wp","href":"https:\/\/api.w.org\/{rel}","templated":true}]}}