{"id":32596,"date":"2025-07-26T00:57:55","date_gmt":"2025-07-26T00:57:55","guid":{"rendered":"https:\/\/radiocresatelital.com\/?p=32596"},"modified":"2025-07-26T00:58:12","modified_gmt":"2025-07-26T00:58:12","slug":"en-sus-490-anos-guayaquil-premia-a-quienes-representan-su-esencia","status":"publish","type":"post","link":"https:\/\/radiocresatelital.com\/?p=32596","title":{"rendered":"En sus 490 a\u00f1os, Guayaquil premia a quienes representan su esencia"},"content":{"rendered":"<p>Guayaquil.- La Perla del Pac\u00edfico, Guayaquil no solo celebr\u00f3 490 a\u00f1os de fundaci\u00f3n: tambi\u00e9n rindi\u00f3 tributo a su gente. En una emotiva sesi\u00f3n solemne, el Municipio entreg\u00f3 preseas c\u00edvicas a ocho ciudadanos que, desde el deporte, la ciencia, la cultura y el servicio social, han dejado una marca indeleble en la historia viva de la urbe.<\/p>\n<p>Uno de los momentos m\u00e1s aplaudidos de la jornada fue el reconocimiento al delantero de Barcelona Sporting Club, Felipe Caicedo, quien recibi\u00f3 por primera vez una distinci\u00f3n oficial en su ciudad natal. \u201cYo nac\u00ed, viv\u00ed, me crie en el Guasmo, y para m\u00ed ser guayaquile\u00f1o es todo un orgullo. Y recibir un premio en estas circunstancias, la verdad que me tiene muy contento, y me motiva a seguir creciendo, a seguir mejorando y seguir ayudando a la<br \/>\ncomunidad\u201d, expres\u00f3 emocionado el futbolista.<\/p>\n<p>El talento deportivo tambi\u00e9n se reflej\u00f3 en la luchadora Luc\u00eda Y\u00e9pez, reciente medalla de plata en los Juegos Ol\u00edmpicos de Par\u00eds 2024; Mar\u00eda Ver\u00f3nica C\u00f3rdova, campeona mundial de Apnea Indoor en Atenas; y Esteban Dreer, hist\u00f3rico arquero del f\u00fatbol ecuatoriano. A cada uno, la ciudad les rindi\u00f3 tributo por su perseverancia y logros que inspiran.<\/p>\n<p>En el \u00e1mbito cient\u00edfico, la Fundaci\u00f3n Amiguitos del Oc\u00e9ano fue reconocida por su innovador trabajo en educaci\u00f3n ambiental marina, que ha formado a miles de ni\u00f1os con herramientas l\u00fadicas y did\u00e1cticas en torno a la protecci\u00f3n del ecosistema costero.<\/p>\n<p>La cultura tuvo tambi\u00e9n su espacio. El radiodifusor Kl\u00e9ber Chica, con 35 a\u00f1os de trayectoria y actual presidente de AER, y el abogado y comunicador Luis Almeida, fueron homenajeados por su aporte a la libertad de expresi\u00f3n y el pensamiento cr\u00edtico desde los medios. \u201cEsta esquina de la 9 de Octubre es la esquina libertaria donde nosotros hemos defendido el honor nacional, el honor de Guayaquil y, sobre todo, las circunstancias nuestras de Guayaquil\u201d, dijo Almeida.<\/p>\n<p>La ceremonia cerr\u00f3 con un reconocimiento cargado de simbolismo: la presea al m\u00e9rito social fue entregada al cardenal Luis Cabrera, arzobispo de Guayaquil, presidente de la Conferencia Episcopal Ecuatoriana e instituido cardenal de la Iglesia de Roma en 2024. \u201cLa bondad de tanta gente, la generosidad y, como ya dije, la alegr\u00eda de vivir, la esperanza de seguir so\u00f1ando\u201d, resumi\u00f3, evocando una d\u00e9cada de servicio pastoral en la ciudad.<\/p>\n<p>M\u00e1s que un homenaje, las preseas c\u00edvicas entregadas este 25 de julio reafirman el rostro humano de Guayaquil: una ciudad que crece cuando reconoce el valor de su gente.<\/p>\n","protected":false},"excerpt":{"rendered":"<p>Guayaquil.- La Perla del Pac\u00edfico, Guayaquil no solo celebr\u00f3 490 a\u00f1os de fundaci\u00f3n: tambi\u00e9n rindi\u00f3 tributo a su gente. En una emotiva sesi\u00f3n solemne, el Municipio entreg\u00f3 preseas c\u00edvicas a ocho ciudadanos que, desde el deporte, la ciencia, la cultura y el servicio social, han dejado una marca indeleble en la historia viva de la [&hellip;]<\/p>\n","protected":false},"author":2,"featured_media":32597,"comment_status":"open","ping_status":"closed","sticky":false,"template":"","format":"standard","meta":{"_jetpack_memberships_contains_paid_content":false,"footnotes":""},"categories":[33,13],"tags":[147,114],"class_list":["post-32596","post","type-post","status-publish","format-standard","has-post-thumbnail","hentry","category-guayaquil","category-noticias-nacionales","tag-fiestas-julianas","tag-municipio-de-guayaquil"],"jetpack_featured_media_url":"https:\/\/radiocresatelital.com\/wp-content\/uploads\/2025\/07\/WhatsApp-Image-2025-07-25-at-18.02.081-scaled.jpeg","jetpack_sharing_enabled":true,"_links":{"self":[{"href":"https:\/\/radiocresatelital.com\/index.php?rest_route=\/wp\/v2\/posts\/32596","targetHints":{"allow":["GET"]}}],"collection":[{"href":"https:\/\/radiocresatelital.com\/index.php?rest_route=\/wp\/v2\/posts"}],"about":[{"href":"https:\/\/radiocresatelital.com\/index.php?rest_route=\/wp\/v2\/types\/post"}],"author":[{"embeddable":true,"href":"https:\/\/radiocresatelital.com\/index.php?rest_route=\/wp\/v2\/users\/2"}],"replies":[{"embeddable":true,"href":"https:\/\/radiocresatelital.com\/index.php?rest_route=%2Fwp%2Fv2%2Fcomments&post=32596"}],"version-history":[{"count":1,"href":"https:\/\/radiocresatelital.com\/index.php?rest_route=\/wp\/v2\/posts\/32596\/revisions"}],"predecessor-version":[{"id":32598,"href":"https:\/\/radiocresatelital.com\/index.php?rest_route=\/wp\/v2\/posts\/32596\/revisions\/32598"}],"wp:featuredmedia":[{"embeddable":true,"href":"https:\/\/radiocresatelital.com\/index.php?rest_route=\/wp\/v2\/media\/32597"}],"wp:attachment":[{"href":"https:\/\/radiocresatelital.com\/index.php?rest_route=%2Fwp%2Fv2%2Fmedia&parent=32596"}],"wp:term":[{"taxonomy":"category","embeddable":true,"href":"https:\/\/radiocresatelital.com\/index.php?rest_route=%2Fwp%2Fv2%2Fcategories&post=32596"},{"taxonomy":"post_tag","embeddable":true,"href":"https:\/\/radiocresatelital.com\/index.php?rest_route=%2Fwp%2Fv2%2Ftags&post=32596"}],"curies":[{"name":"wp","href":"https:\/\/api.w.org\/{rel}","templated":true}]}}