{"id":32593,"date":"2025-07-26T00:52:28","date_gmt":"2025-07-26T00:52:28","guid":{"rendered":"https:\/\/radiocresatelital.com\/?p=32593"},"modified":"2025-07-26T00:52:28","modified_gmt":"2025-07-26T00:52:28","slug":"hoy-no-celebramos-un-aniversario-celebramos-una-resistencia-de-490-anos-aquiles-alvarez","status":"publish","type":"post","link":"https:\/\/radiocresatelital.com\/?p=32593","title":{"rendered":"\u201cHoy no celebramos un aniversario, celebramos una resistencia de 490 a\u00f1os\u201d, Aquiles Alvarez"},"content":{"rendered":"<p>Guayaquil.- En un acto c\u00edvico multitudinario, el alcalde Aquiles Alvarez encabez\u00f3 la Sesi\u00f3n Conmemorativa por los 490 a\u00f1os de fundaci\u00f3n de Guayaquil. El evento se desarroll\u00f3 en la emblem\u00e1tica intersecci\u00f3n de la avenida 9 de Octubre y Malec\u00f3n Sim\u00f3n Bol\u00edvar, donde miles de ciudadanos se congregaron para conmemorar el rol hist\u00f3rico y actual de la ciudad.<\/p>\n<p>Durante su intervenci\u00f3n, Alvarez exalt\u00f3 el car\u00e1cter resiliente de Guayaquil y destac\u00f3 su relevancia econ\u00f3mica para el pa\u00eds. \u201cNo hay duda de que nuestra existencia como ciudad le ha generado crecimiento a este pa\u00eds. Somos el motor econ\u00f3mico para el Ecuador\u201d, afirm\u00f3.<\/p>\n<p>El Burgomaestre se\u00f1al\u00f3 que la ciudad aporta el 25% al PIB nacional, tributa m\u00e1s de USD 5.000 millones al Presupuesto General del Estado y mantiene la tasa de desempleo m\u00e1s baja del pa\u00eds, de acuerdo con cifras del INEC 2025.<\/p>\n<p>En ese contexto, recalc\u00f3 que su administraci\u00f3n ha priorizado la inversi\u00f3n en obra p\u00fablica, servicios b\u00e1sicos, salud, seguridad e inclusi\u00f3n social. \u201cEsta es una ciudad que no reparte migajas, ni d\u00e1divas, sino que restituye derechos\u201d.<\/p>\n<p>Alvarez tambi\u00e9n cuestion\u00f3 los intentos de frenar el desarrollo urbano y denunci\u00f3 la desigualdad en la asignaci\u00f3n de recursos por parte del Gobierno Central. \u201cNos han querido aislar y castigar. Nos han se\u00f1alado por pensar distinto, por hablar alto, por no pedir permiso (\u2026) esta vez Guayaquil no est\u00e1 sola, esta vez Guayaquil responde con obras, con dignidad y verdad\u201d.<\/p>\n<p>Subray\u00f3 que la urbe recibe en asignaciones cuatro veces menos de lo que genera, y lament\u00f3 que se pretenda debilitar su autonom\u00eda. \u201cNo solo que no hacen una sola obra para beneficiar a nadie que no sea de su argolla, sino que adem\u00e1s boicotean todo proyecto urban\u00edstico respetuoso del medio ambiente, que genera miles de plazas de trabajo, mejorar\u00e1 la plusval\u00eda de miles de viviendas y solucionar\u00e1 un grav\u00edsimo problema vial\u201d.<\/p>\n<p>Adicional, dijo que los necios usan el poder para perseguir y las personas as humildes para servir. \u00ab\u00bfQu\u00e9 es el progreso para algunos? \u00bfDespedir a 5.000 trabajadores en un mismo d\u00eda?\u00bb, cuestion\u00f3.<\/p>\n<p><strong>Obras, servicios y resultados concretos<\/strong><br \/>\nEntre los proyectos emblem\u00e1ticos ejecutados en su segundo a\u00f1o de gesti\u00f3n, destac\u00f3 la reactivaci\u00f3n de la Troncal 4 de la Metrov\u00eda, con m\u00e1s de 120.000 usuarios beneficiados y 100 buses nuevos en operaci\u00f3n, as\u00ed como el avance del Quinto acueducto. Mencion\u00f3 tambi\u00e9n la tarjeta Guayaca, que ya supera las 144.000 entregas con aporte social.<\/p>\n<p>En el \u00e1rea de servicios b\u00e1sicos, resalt\u00f3 la cobertura de agua potable para 200.000 habitantes del noroeste, quienes por primera vez acceden a este derecho. En lo social, se entregaron m\u00e1s de 12 millones de becas, capacitaciones y talleres; 8.000 familias recibieron t\u00edtulos de propiedad y se abrieron tres nuevos polifuncionales: Sergio Toral, Casa Guayaca y Puerto Liza. Asimismo, el Registro Social ya cuenta con 18.000 personas con discapacidad censadas.<\/p>\n<p>En deportes, m\u00e1s de 64.000 ni\u00f1os y adolescentes han sido beneficiados con programas como Liga Pro Kids, las escuelas JBG y el Interbarrial de Diario El Universo. \u201cEl beneficio es para toda la ciudad, con j\u00f3venes activos y adem\u00e1s de ser reconocida como Capital Americana del Deporte. Todo un hito hist\u00f3rico\u201d, destac\u00f3.<\/p>\n<p>En salud, se han abierto centros m\u00e9dicos en Samanes y Sergio Toral, y anunci\u00f3 para el 31 de julio la inauguraci\u00f3n de la Unidad M\u00e9dica Municipal en Pun\u00e1. Tambi\u00e9n se habilit\u00f3 una nueva \u00e1rea de Im\u00e1genes en el Hospital Municipal Bicentenario, con servicios totalmente gratuitos. \u201cSus recursos sirvieron para atender y sanar a m\u00e1s de 1 mill\u00f3n de personas, un tercio de la poblaci\u00f3n\u201d, indic\u00f3.<\/p>\n<p>Adem\u00e1s, se ha ampliado la cobertura en atenci\u00f3n m\u00e9dica preventiva para pacientes renales y con requerimientos de di\u00e1lisis, con nuevos servicios que estar\u00e1n disponibles en las pr\u00f3ximas semanas.<\/p>\n<p><strong>Seguridad con enfoque territorial<\/strong><br \/>\nEn materia de seguridad, se implementaron Estaciones de Acci\u00f3n Segura (EAS) en Kennedy, Urdesa, FAE-Atarazana y Puerto Santa Ana, se adquirieron m\u00e1s de 100 camionetas y motos, se dot\u00f3 a agentes de tr\u00e1nsito con 800 bodycams y se incorporaron 661 nuevos Agentes de Control Municipal.<\/p>\n<p>El Alcalde cerr\u00f3 su intervenci\u00f3n con un mensaje directo a quienes, seg\u00fan dijo, intentan frenar el avance de la ciudad. \u201cQue lo entiendan en todas las oficinas donde se toman decisiones sin conocer los barrios. Y que lo escuchen tambi\u00e9n quienes callan por conveniencia y sonr\u00eden por c\u00e1lculo: Guayaquil no es una ciudad que espera, es una ciudad que act\u00faa, que defiende. Por eso no celebramos un aniversario, celebramos una resistencia de 490 a\u00f1os\u201d, concluy\u00f3.<\/p>\n","protected":false},"excerpt":{"rendered":"<p>Guayaquil.- En un acto c\u00edvico multitudinario, el alcalde Aquiles Alvarez encabez\u00f3 la Sesi\u00f3n Conmemorativa por los 490 a\u00f1os de fundaci\u00f3n de Guayaquil. El evento se desarroll\u00f3 en la emblem\u00e1tica intersecci\u00f3n de la avenida 9 de Octubre y Malec\u00f3n Sim\u00f3n Bol\u00edvar, donde miles de ciudadanos se congregaron para conmemorar el rol hist\u00f3rico y actual de la [&hellip;]<\/p>\n","protected":false},"author":2,"featured_media":32594,"comment_status":"open","ping_status":"closed","sticky":false,"template":"","format":"standard","meta":{"_jetpack_memberships_contains_paid_content":false,"footnotes":""},"categories":[33,13],"tags":[1519,114],"class_list":["post-32593","post","type-post","status-publish","format-standard","has-post-thumbnail","hentry","category-guayaquil","category-noticias-nacionales","tag-alcalde-aquiles-alvarez","tag-municipio-de-guayaquil"],"jetpack_featured_media_url":"https:\/\/radiocresatelital.com\/wp-content\/uploads\/2025\/07\/IMG-20250725-WA0322.jpg","jetpack_sharing_enabled":true,"_links":{"self":[{"href":"https:\/\/radiocresatelital.com\/index.php?rest_route=\/wp\/v2\/posts\/32593","targetHints":{"allow":["GET"]}}],"collection":[{"href":"https:\/\/radiocresatelital.com\/index.php?rest_route=\/wp\/v2\/posts"}],"about":[{"href":"https:\/\/radiocresatelital.com\/index.php?rest_route=\/wp\/v2\/types\/post"}],"author":[{"embeddable":true,"href":"https:\/\/radiocresatelital.com\/index.php?rest_route=\/wp\/v2\/users\/2"}],"replies":[{"embeddable":true,"href":"https:\/\/radiocresatelital.com\/index.php?rest_route=%2Fwp%2Fv2%2Fcomments&post=32593"}],"version-history":[{"count":1,"href":"https:\/\/radiocresatelital.com\/index.php?rest_route=\/wp\/v2\/posts\/32593\/revisions"}],"predecessor-version":[{"id":32595,"href":"https:\/\/radiocresatelital.com\/index.php?rest_route=\/wp\/v2\/posts\/32593\/revisions\/32595"}],"wp:featuredmedia":[{"embeddable":true,"href":"https:\/\/radiocresatelital.com\/index.php?rest_route=\/wp\/v2\/media\/32594"}],"wp:attachment":[{"href":"https:\/\/radiocresatelital.com\/index.php?rest_route=%2Fwp%2Fv2%2Fmedia&parent=32593"}],"wp:term":[{"taxonomy":"category","embeddable":true,"href":"https:\/\/radiocresatelital.com\/index.php?rest_route=%2Fwp%2Fv2%2Fcategories&post=32593"},{"taxonomy":"post_tag","embeddable":true,"href":"https:\/\/radiocresatelital.com\/index.php?rest_route=%2Fwp%2Fv2%2Ftags&post=32593"}],"curies":[{"name":"wp","href":"https:\/\/api.w.org\/{rel}","templated":true}]}}